{"id":96,"date":"2017-12-15T11:45:28","date_gmt":"2017-12-15T11:45:28","guid":{"rendered":"http:\/\/www.aersp.pt\/portal\/?p=96"},"modified":"2025-04-30T14:59:19","modified_gmt":"2025-04-30T14:59:19","slug":"conselho-administrativo","status":"publish","type":"post","link":"https:\/\/www.aersp.pt\/portal\/2017\/12\/15\/conselho-administrativo\/","title":{"rendered":"Conselho Administrativo"},"content":{"rendered":"\n<figure class=\"wp-block-table\"><table><tbody><tr><td colspan=\"3\">\n<p style=\"text-align: center;\"><strong>CONSELHO ADMINISTRATIVO<\/strong><\/p>\n<\/td><\/tr><tr><td>Presidente<\/td><td>Diretora<\/td><td>Paula Cristina dos Santos Rocha Pereira Vaz<\/td><\/tr><tr><td>Vice-Presidente<\/td><td>Subdiretor<\/td><td>Nuno Miguel da Concei\u00e7\u00e3o Silva<\/td><\/tr><tr><td>Secret\u00e1rio<\/td><td>Coordenador T\u00e9cnico<\/td><td>H\u00e9lio Miguel Elvas Crucho<\/td><\/tr><\/tbody><\/table><\/figure>\n","protected":false},"excerpt":{"rendered":"<p>CONSELHO ADMINISTRATIVO Presidente Diretora Paula Cristina dos Santos Rocha Pereira Vaz Vice-Presidente Subdiretor Nuno Miguel da Concei\u00e7\u00e3o Silva Secret\u00e1rio Coordenador T\u00e9cnico H\u00e9lio Miguel Elvas Crucho<\/p>\n","protected":false},"author":1,"featured_media":0,"comment_status":"closed","ping_status":"closed","sticky":false,"template":"","format":"standard","meta":{"_uag_custom_page_level_css":"","_themeisle_gutenberg_block_has_review":false,"footnotes":""},"categories":[1],"tags":[],"class_list":["post-96","post","type-post","status-publish","format-standard","hentry","category-geral"],"uagb_featured_image_src":{"full":false,"thumbnail":false,"medium":false,"medium_large":false,"large":false,"1536x1536":false,"2048x2048":false,"320w":false,"480w":false,"800w":false},"uagb_author_info":{"display_name":"admin","author_link":"https:\/\/www.aersp.pt\/portal\/author\/admin\/"},"uagb_comment_info":0,"uagb_excerpt":"CONSELHO ADMINISTRATIVO Presidente Diretora Paula Cristina dos Santos Rocha Pereira Vaz Vice-Presidente Subdiretor Nuno Miguel da Concei\u00e7\u00e3o Silva Secret\u00e1rio Coordenador T\u00e9cnico H\u00e9lio Miguel Elvas Crucho","_links":{"self":[{"href":"https:\/\/www.aersp.pt\/portal\/wp-json\/wp\/v2\/posts\/96","targetHints":{"allow":["GET"]}}],"collection":[{"href":"https:\/\/www.aersp.pt\/portal\/wp-json\/wp\/v2\/posts"}],"about":[{"href":"https:\/\/www.aersp.pt\/portal\/wp-json\/wp\/v2\/types\/post"}],"author":[{"embeddable":true,"href":"https:\/\/www.aersp.pt\/portal\/wp-json\/wp\/v2\/users\/1"}],"replies":[{"embeddable":true,"href":"https:\/\/www.aersp.pt\/portal\/wp-json\/wp\/v2\/comments?post=96"}],"version-history":[{"count":9,"href":"https:\/\/www.aersp.pt\/portal\/wp-json\/wp\/v2\/posts\/96\/revisions"}],"predecessor-version":[{"id":9083,"href":"https:\/\/www.aersp.pt\/portal\/wp-json\/wp\/v2\/posts\/96\/revisions\/9083"}],"wp:attachment":[{"href":"https:\/\/www.aersp.pt\/portal\/wp-json\/wp\/v2\/media?parent=96"}],"wp:term":[{"taxonomy":"category","embeddable":true,"href":"https:\/\/www.aersp.pt\/portal\/wp-json\/wp\/v2\/categories?post=96"},{"taxonomy":"post_tag","embeddable":true,"href":"https:\/\/www.aersp.pt\/portal\/wp-json\/wp\/v2\/tags?post=96"}],"curies":[{"name":"wp","href":"https:\/\/api.w.org\/{rel}","templated":true}]}}