{"id":94,"date":"2017-12-15T11:45:28","date_gmt":"2017-12-15T11:45:28","guid":{"rendered":"http:\/\/www.aersp.pt\/portal\/?p=94"},"modified":"2025-11-12T12:04:25","modified_gmt":"2025-11-12T12:04:25","slug":"direcao","status":"publish","type":"post","link":"https:\/\/www.aersp.pt\/portal\/2017\/12\/15\/direcao\/","title":{"rendered":"Dire\u00e7\u00e3o"},"content":{"rendered":"\n<p class=\"has-text-align-left\"><strong>DIRE\u00c7\u00c3O&nbsp;<\/strong><\/p>\n\n\n\n<p><strong>Diretora<\/strong><br>Paula Cristina dos Santos Rocha Pereira Vaz<br><br>Subdiretor<br>Nuno Miguel da Concei\u00e7\u00e3o Silva<br><br>Adjunto da Diretora<br>Ant\u00f3nio Manuel da Costa Leandro<br><br>Adjunta da Diretora<br>Carina Esteves Barreiros Seixo da Fonseca<\/p>\n\n\n\n<p>Adjunta da Diretora<br>Ana Paulino Ribeiro<\/p>\n\n\n\n<p>Assessor da Diretora<br>Carlos Alberto Gaspar<\/p>\n","protected":false},"excerpt":{"rendered":"<p>DIRE\u00c7\u00c3O&nbsp; DiretoraPaula Cristina dos Santos Rocha Pereira Vaz SubdiretorNuno Miguel da Concei\u00e7\u00e3o Silva Adjunto da DiretoraAnt\u00f3nio Manuel da Costa Leandro Adjunta da DiretoraCarina Esteves Barreiros&hellip;<\/p>\n","protected":false},"author":1,"featured_media":0,"comment_status":"closed","ping_status":"closed","sticky":false,"template":"","format":"standard","meta":{"_uag_custom_page_level_css":"","_themeisle_gutenberg_block_has_review":false,"footnotes":""},"categories":[1],"tags":[],"class_list":["post-94","post","type-post","status-publish","format-standard","hentry","category-geral"],"uagb_featured_image_src":{"full":false,"thumbnail":false,"medium":false,"medium_large":false,"large":false,"1536x1536":false,"2048x2048":false,"320w":false,"480w":false,"800w":false},"uagb_author_info":{"display_name":"admin","author_link":"https:\/\/www.aersp.pt\/portal\/author\/admin\/"},"uagb_comment_info":0,"uagb_excerpt":"DIRE\u00c7\u00c3O&nbsp; DiretoraPaula Cristina dos Santos Rocha Pereira Vaz SubdiretorNuno Miguel da Concei\u00e7\u00e3o Silva Adjunto da DiretoraAnt\u00f3nio Manuel da Costa Leandro Adjunta da DiretoraCarina Esteves Barreiros&hellip;","_links":{"self":[{"href":"https:\/\/www.aersp.pt\/portal\/wp-json\/wp\/v2\/posts\/94","targetHints":{"allow":["GET"]}}],"collection":[{"href":"https:\/\/www.aersp.pt\/portal\/wp-json\/wp\/v2\/posts"}],"about":[{"href":"https:\/\/www.aersp.pt\/portal\/wp-json\/wp\/v2\/types\/post"}],"author":[{"embeddable":true,"href":"https:\/\/www.aersp.pt\/portal\/wp-json\/wp\/v2\/users\/1"}],"replies":[{"embeddable":true,"href":"https:\/\/www.aersp.pt\/portal\/wp-json\/wp\/v2\/comments?post=94"}],"version-history":[{"count":18,"href":"https:\/\/www.aersp.pt\/portal\/wp-json\/wp\/v2\/posts\/94\/revisions"}],"predecessor-version":[{"id":9403,"href":"https:\/\/www.aersp.pt\/portal\/wp-json\/wp\/v2\/posts\/94\/revisions\/9403"}],"wp:attachment":[{"href":"https:\/\/www.aersp.pt\/portal\/wp-json\/wp\/v2\/media?parent=94"}],"wp:term":[{"taxonomy":"category","embeddable":true,"href":"https:\/\/www.aersp.pt\/portal\/wp-json\/wp\/v2\/categories?post=94"},{"taxonomy":"post_tag","embeddable":true,"href":"https:\/\/www.aersp.pt\/portal\/wp-json\/wp\/v2\/tags?post=94"}],"curies":[{"name":"wp","href":"https:\/\/api.w.org\/{rel}","templated":true}]}}