{"id":9320,"date":"2025-07-16T10:15:14","date_gmt":"2025-07-16T10:15:14","guid":{"rendered":"https:\/\/www.aersp.pt\/portal\/?p=9320"},"modified":"2025-07-16T10:19:08","modified_gmt":"2025-07-16T10:19:08","slug":"v-centenario-do-nascimento-de-camoes","status":"publish","type":"post","link":"https:\/\/www.aersp.pt\/portal\/2025\/07\/16\/v-centenario-do-nascimento-de-camoes\/","title":{"rendered":"V Centen\u00e1rio do Nascimento de Cam\u00f5es"},"content":{"rendered":"\n<p>O AERS comemora os 500 anos do nascimento de Cam\u00f5es com a divulga\u00e7\u00e3o do soneto \u201cMudam-se os tempos, mudam-se as vontades\u201d. Na escadaria exterior que leva \u00e0 entrada do edif\u00edcio principal da Escola B\u00e1sica e Secund\u00e1ria foi pintado o registo truncado do soneto, registando-se a primeira quadra e o segundo terceto.<br>Por proposta do Departamento de Ci\u00eancias Sociais e Humanas, do qual participaram as docentes Ana Barata, Isabel Henriques, Maria Jos\u00e9 Cameira e Antonieta Salgueiro, o projeto concretizou-se pelo contributo art\u00edstico e incomensur\u00e1vel esfor\u00e7o da professora Carolina Longo, do Departamento de Express\u00f5es, que, como sempre, p\u00f4s os seus conhecimentos ao servi\u00e7o do Agrupamento.<\/p>\n\n\n\n<figure class=\"wp-block-gallery has-nested-images columns-default is-cropped wp-block-gallery-1 is-layout-flex wp-block-gallery-is-layout-flex\">\n<figure class=\"wp-block-image size-large\"><a href=\"https:\/\/www.aersp.pt\/portal\/wp-content\/uploads\/2025\/07\/Poema.jpg\"><img fetchpriority=\"high\" decoding=\"async\" width=\"768\" height=\"1024\" data-id=\"9325\" src=\"https:\/\/www.aersp.pt\/portal\/wp-content\/uploads\/2025\/07\/Poema-768x1024.jpg\" alt=\"\" class=\"wp-image-9325\" srcset=\"https:\/\/www.aersp.pt\/portal\/wp-content\/uploads\/2025\/07\/Poema-768x1024.jpg 768w, https:\/\/www.aersp.pt\/portal\/wp-content\/uploads\/2025\/07\/Poema-225x300.jpg 225w, https:\/\/www.aersp.pt\/portal\/wp-content\/uploads\/2025\/07\/Poema-1152x1536.jpg 1152w, https:\/\/www.aersp.pt\/portal\/wp-content\/uploads\/2025\/07\/Poema-320x427.jpg 320w, https:\/\/www.aersp.pt\/portal\/wp-content\/uploads\/2025\/07\/Poema-480x640.jpg 480w, https:\/\/www.aersp.pt\/portal\/wp-content\/uploads\/2025\/07\/Poema-800x1067.jpg 800w, https:\/\/www.aersp.pt\/portal\/wp-content\/uploads\/2025\/07\/Poema.jpg 1200w\" sizes=\"(max-width: 768px) 100vw, 768px\" \/><\/a><\/figure>\n\n\n\n<figure class=\"wp-block-image size-large\"><a href=\"https:\/\/www.aersp.pt\/portal\/wp-content\/uploads\/2025\/07\/Poema-2.jpg\"><img decoding=\"async\" width=\"1024\" height=\"768\" data-id=\"9322\" src=\"https:\/\/www.aersp.pt\/portal\/wp-content\/uploads\/2025\/07\/Poema-2-1024x768.jpg\" alt=\"\" class=\"wp-image-9322\" srcset=\"https:\/\/www.aersp.pt\/portal\/wp-content\/uploads\/2025\/07\/Poema-2-1024x768.jpg 1024w, https:\/\/www.aersp.pt\/portal\/wp-content\/uploads\/2025\/07\/Poema-2-300x225.jpg 300w, https:\/\/www.aersp.pt\/portal\/wp-content\/uploads\/2025\/07\/Poema-2-768x576.jpg 768w, https:\/\/www.aersp.pt\/portal\/wp-content\/uploads\/2025\/07\/Poema-2-1536x1152.jpg 1536w, https:\/\/www.aersp.pt\/portal\/wp-content\/uploads\/2025\/07\/Poema-2-320x240.jpg 320w, https:\/\/www.aersp.pt\/portal\/wp-content\/uploads\/2025\/07\/Poema-2-480x360.jpg 480w, https:\/\/www.aersp.pt\/portal\/wp-content\/uploads\/2025\/07\/Poema-2-800x600.jpg 800w, https:\/\/www.aersp.pt\/portal\/wp-content\/uploads\/2025\/07\/Poema-2.jpg 2040w\" sizes=\"(max-width: 1024px) 100vw, 1024px\" \/><\/a><\/figure>\n\n\n\n<figure class=\"wp-block-image size-large\"><a href=\"https:\/\/www.aersp.pt\/portal\/wp-content\/uploads\/2025\/07\/Poema-3.jpg\"><img decoding=\"async\" width=\"768\" height=\"1024\" data-id=\"9324\" src=\"https:\/\/www.aersp.pt\/portal\/wp-content\/uploads\/2025\/07\/Poema-3-768x1024.jpg\" alt=\"\" class=\"wp-image-9324\" srcset=\"https:\/\/www.aersp.pt\/portal\/wp-content\/uploads\/2025\/07\/Poema-3-768x1024.jpg 768w, https:\/\/www.aersp.pt\/portal\/wp-content\/uploads\/2025\/07\/Poema-3-225x300.jpg 225w, https:\/\/www.aersp.pt\/portal\/wp-content\/uploads\/2025\/07\/Poema-3-1152x1536.jpg 1152w, https:\/\/www.aersp.pt\/portal\/wp-content\/uploads\/2025\/07\/Poema-3-320x427.jpg 320w, https:\/\/www.aersp.pt\/portal\/wp-content\/uploads\/2025\/07\/Poema-3-480x640.jpg 480w, https:\/\/www.aersp.pt\/portal\/wp-content\/uploads\/2025\/07\/Poema-3-800x1067.jpg 800w, https:\/\/www.aersp.pt\/portal\/wp-content\/uploads\/2025\/07\/Poema-3.jpg 1200w\" sizes=\"(max-width: 768px) 100vw, 768px\" \/><\/a><\/figure>\n\n\n\n<figure class=\"wp-block-image size-large\"><a href=\"https:\/\/www.aersp.pt\/portal\/wp-content\/uploads\/2025\/07\/Poema-4-scaled.jpg\"><img loading=\"lazy\" decoding=\"async\" width=\"768\" height=\"1024\" data-id=\"9326\" src=\"https:\/\/www.aersp.pt\/portal\/wp-content\/uploads\/2025\/07\/Poema-4-768x1024.jpg\" alt=\"\" class=\"wp-image-9326\" srcset=\"https:\/\/www.aersp.pt\/portal\/wp-content\/uploads\/2025\/07\/Poema-4-768x1024.jpg 768w, https:\/\/www.aersp.pt\/portal\/wp-content\/uploads\/2025\/07\/Poema-4-225x300.jpg 225w, https:\/\/www.aersp.pt\/portal\/wp-content\/uploads\/2025\/07\/Poema-4-1152x1536.jpg 1152w, https:\/\/www.aersp.pt\/portal\/wp-content\/uploads\/2025\/07\/Poema-4-1536x2048.jpg 1536w, https:\/\/www.aersp.pt\/portal\/wp-content\/uploads\/2025\/07\/Poema-4-320x427.jpg 320w, https:\/\/www.aersp.pt\/portal\/wp-content\/uploads\/2025\/07\/Poema-4-480x640.jpg 480w, https:\/\/www.aersp.pt\/portal\/wp-content\/uploads\/2025\/07\/Poema-4-800x1067.jpg 800w, https:\/\/www.aersp.pt\/portal\/wp-content\/uploads\/2025\/07\/Poema-4-scaled.jpg 1920w\" sizes=\"(max-width: 768px) 100vw, 768px\" \/><\/a><\/figure>\n\n\n\n<figure class=\"wp-block-image size-large\"><a href=\"https:\/\/www.aersp.pt\/portal\/wp-content\/uploads\/2025\/07\/Poema-5.jpg\"><img loading=\"lazy\" decoding=\"async\" width=\"1024\" height=\"768\" data-id=\"9323\" src=\"https:\/\/www.aersp.pt\/portal\/wp-content\/uploads\/2025\/07\/Poema-5-1024x768.jpg\" alt=\"\" class=\"wp-image-9323\" srcset=\"https:\/\/www.aersp.pt\/portal\/wp-content\/uploads\/2025\/07\/Poema-5-1024x768.jpg 1024w, https:\/\/www.aersp.pt\/portal\/wp-content\/uploads\/2025\/07\/Poema-5-300x225.jpg 300w, https:\/\/www.aersp.pt\/portal\/wp-content\/uploads\/2025\/07\/Poema-5-768x576.jpg 768w, https:\/\/www.aersp.pt\/portal\/wp-content\/uploads\/2025\/07\/Poema-5-1536x1152.jpg 1536w, https:\/\/www.aersp.pt\/portal\/wp-content\/uploads\/2025\/07\/Poema-5-320x240.jpg 320w, https:\/\/www.aersp.pt\/portal\/wp-content\/uploads\/2025\/07\/Poema-5-480x360.jpg 480w, https:\/\/www.aersp.pt\/portal\/wp-content\/uploads\/2025\/07\/Poema-5-800x600.jpg 800w, https:\/\/www.aersp.pt\/portal\/wp-content\/uploads\/2025\/07\/Poema-5.jpg 2040w\" sizes=\"(max-width: 1024px) 100vw, 1024px\" \/><\/a><\/figure>\n\n\n\n<figure class=\"wp-block-image size-large\"><a href=\"https:\/\/www.aersp.pt\/portal\/wp-content\/uploads\/2025\/07\/Poema-6.jpg\"><img loading=\"lazy\" decoding=\"async\" width=\"768\" height=\"1024\" data-id=\"9321\" src=\"https:\/\/www.aersp.pt\/portal\/wp-content\/uploads\/2025\/07\/Poema-6-768x1024.jpg\" alt=\"\" class=\"wp-image-9321\" srcset=\"https:\/\/www.aersp.pt\/portal\/wp-content\/uploads\/2025\/07\/Poema-6-768x1024.jpg 768w, https:\/\/www.aersp.pt\/portal\/wp-content\/uploads\/2025\/07\/Poema-6-225x300.jpg 225w, https:\/\/www.aersp.pt\/portal\/wp-content\/uploads\/2025\/07\/Poema-6-1152x1536.jpg 1152w, https:\/\/www.aersp.pt\/portal\/wp-content\/uploads\/2025\/07\/Poema-6-320x427.jpg 320w, https:\/\/www.aersp.pt\/portal\/wp-content\/uploads\/2025\/07\/Poema-6-480x640.jpg 480w, https:\/\/www.aersp.pt\/portal\/wp-content\/uploads\/2025\/07\/Poema-6-800x1067.jpg 800w, https:\/\/www.aersp.pt\/portal\/wp-content\/uploads\/2025\/07\/Poema-6.jpg 1200w\" sizes=\"(max-width: 768px) 100vw, 768px\" \/><\/a><\/figure>\n<\/figure>\n","protected":false},"excerpt":{"rendered":"<p>O AERS comemora os 500 anos do nascimento de Cam\u00f5es com a divulga\u00e7\u00e3o do soneto \u201cMudam-se os tempos, mudam-se as vontades\u201d. Na escadaria exterior que&hellip;<\/p>\n","protected":false},"author":1,"featured_media":9321,"comment_status":"closed","ping_status":"closed","sticky":false,"template":"","format":"standard","meta":{"_uag_custom_page_level_css":"","_themeisle_gutenberg_block_has_review":false,"footnotes":""},"categories":[1],"tags":[],"class_list":["post-9320","post","type-post","status-publish","format-standard","has-post-thumbnail","hentry","category-geral"],"uagb_featured_image_src":{"full":["https:\/\/www.aersp.pt\/portal\/wp-content\/uploads\/2025\/07\/Poema-6.jpg",1200,1600,false],"thumbnail":["https:\/\/www.aersp.pt\/portal\/wp-content\/uploads\/2025\/07\/Poema-6-150x150.jpg",150,150,true],"medium":["https:\/\/www.aersp.pt\/portal\/wp-content\/uploads\/2025\/07\/Poema-6-225x300.jpg",225,300,true],"medium_large":["https:\/\/www.aersp.pt\/portal\/wp-content\/uploads\/2025\/07\/Poema-6-768x1024.jpg",768,1024,true],"large":["https:\/\/www.aersp.pt\/portal\/wp-content\/uploads\/2025\/07\/Poema-6-768x1024.jpg",768,1024,true],"1536x1536":["https:\/\/www.aersp.pt\/portal\/wp-content\/uploads\/2025\/07\/Poema-6-1152x1536.jpg",1152,1536,true],"2048x2048":["https:\/\/www.aersp.pt\/portal\/wp-content\/uploads\/2025\/07\/Poema-6.jpg",1200,1600,false],"320w":["https:\/\/www.aersp.pt\/portal\/wp-content\/uploads\/2025\/07\/Poema-6-320x427.jpg",320,427,true],"480w":["https:\/\/www.aersp.pt\/portal\/wp-content\/uploads\/2025\/07\/Poema-6-480x640.jpg",480,640,true],"800w":["https:\/\/www.aersp.pt\/portal\/wp-content\/uploads\/2025\/07\/Poema-6-800x1067.jpg",800,1067,true]},"uagb_author_info":{"display_name":"admin","author_link":"https:\/\/www.aersp.pt\/portal\/author\/admin\/"},"uagb_comment_info":0,"uagb_excerpt":"O AERS comemora os 500 anos do nascimento de Cam\u00f5es com a divulga\u00e7\u00e3o do soneto \u201cMudam-se os tempos, mudam-se as vontades\u201d. Na escadaria exterior que&hellip;","_links":{"self":[{"href":"https:\/\/www.aersp.pt\/portal\/wp-json\/wp\/v2\/posts\/9320","targetHints":{"allow":["GET"]}}],"collection":[{"href":"https:\/\/www.aersp.pt\/portal\/wp-json\/wp\/v2\/posts"}],"about":[{"href":"https:\/\/www.aersp.pt\/portal\/wp-json\/wp\/v2\/types\/post"}],"author":[{"embeddable":true,"href":"https:\/\/www.aersp.pt\/portal\/wp-json\/wp\/v2\/users\/1"}],"replies":[{"embeddable":true,"href":"https:\/\/www.aersp.pt\/portal\/wp-json\/wp\/v2\/comments?post=9320"}],"version-history":[{"count":1,"href":"https:\/\/www.aersp.pt\/portal\/wp-json\/wp\/v2\/posts\/9320\/revisions"}],"predecessor-version":[{"id":9327,"href":"https:\/\/www.aersp.pt\/portal\/wp-json\/wp\/v2\/posts\/9320\/revisions\/9327"}],"wp:featuredmedia":[{"embeddable":true,"href":"https:\/\/www.aersp.pt\/portal\/wp-json\/wp\/v2\/media\/9321"}],"wp:attachment":[{"href":"https:\/\/www.aersp.pt\/portal\/wp-json\/wp\/v2\/media?parent=9320"}],"wp:term":[{"taxonomy":"category","embeddable":true,"href":"https:\/\/www.aersp.pt\/portal\/wp-json\/wp\/v2\/categories?post=9320"},{"taxonomy":"post_tag","embeddable":true,"href":"https:\/\/www.aersp.pt\/portal\/wp-json\/wp\/v2\/tags?post=9320"}],"curies":[{"name":"wp","href":"https:\/\/api.w.org\/{rel}","templated":true}]}}