{"id":9264,"date":"2025-06-17T11:29:24","date_gmt":"2025-06-17T11:29:24","guid":{"rendered":"https:\/\/www.aersp.pt\/portal\/?p=9264"},"modified":"2025-06-17T11:29:27","modified_gmt":"2025-06-17T11:29:27","slug":"se-eu-fosse-primeiro-ministro","status":"publish","type":"post","link":"https:\/\/www.aersp.pt\/portal\/2025\/06\/17\/se-eu-fosse-primeiro-ministro\/","title":{"rendered":"\u201cSE EU FOSSE PRIMEIRO MINISTRO\u201d"},"content":{"rendered":"\n<p>Realizou-se no \u00e2mbito da disciplina de Cidadania\/PCE, com a turma do 4.\u00ba ano, uma atividade intitulada &#8220;E se tu fosses Primeiro-Ministro? Faz-te ouvir!&#8221;. Esta iniciativa decorreu da proposta apresentada pelo projeto \u201cSIC Explica-me\u201d, da SIC Not\u00edcias, dirigida a pais, professores e jovens, cujo principal objetivo \u00e9 a promo\u00e7\u00e3o da literacia medi\u00e1tica. O projeto visa apoiar crian\u00e7as e jovens, dos 6 aos 15 anos, no desenvolvimento da sua capacidade de compreens\u00e3o, an\u00e1lise cr\u00edtica e reflex\u00e3o sobre temas da atualidade E se tu fosses primeiro-ministro? Faz-te ouvir! &#8211; SIC Explica-me) Para a concretiza\u00e7\u00e3o desta atividade, procedeu-se \u00e0 recolha de imagens dos alunos depois dos mesmos terem redigido e discutido as suas propostas de a\u00e7\u00e3o enquanto primeiros-ministros.<br>Importa salientar que esta atividade se insere de forma coerente e complementar no trabalho que temos vindo a desenvolver semanalmente na disciplina de Cidadania, atrav\u00e9s do projeto \u201cAssembleia de Ideias\u201d. Neste espa\u00e7o, os alunos, organizados em pequenos grupos, debatem assuntos relevantes da atualidade e elaboram propostas ou<br>programas de discuss\u00e3o, promovendo o pensamento cr\u00edtico, a express\u00e3o oral e o envolvimento c\u00edvico.<\/p>\n\n\n\n<div class=\"wp-block-columns is-layout-flex wp-container-core-columns-is-layout-1 wp-block-columns-is-layout-flex\">\n<div class=\"wp-block-column is-layout-flow wp-block-column-is-layout-flow\">\n<figure class=\"wp-block-video\"><video controls src=\"https:\/\/www.aersp.pt\/portal\/wp-content\/uploads\/2025\/06\/se-eu-fosse-primeiro-ministro-1-1.mp4\"><\/video><\/figure>\n<\/div>\n\n\n\n<div class=\"wp-block-column is-layout-flow wp-block-column-is-layout-flow\">\n<figure class=\"wp-block-video\"><video controls src=\"https:\/\/www.aersp.pt\/portal\/wp-content\/uploads\/2025\/06\/se-eu-fosse-primeiro-ministro-2.mp4\"><\/video><\/figure>\n<\/div>\n\n\n\n<div class=\"wp-block-column is-layout-flow wp-block-column-is-layout-flow\">\n<figure class=\"wp-block-video\"><video controls src=\"https:\/\/www.aersp.pt\/portal\/wp-content\/uploads\/2025\/06\/se-eu-fosse-primeiro-ministro-3.mp4\"><\/video><\/figure>\n<\/div>\n<\/div>\n","protected":false},"excerpt":{"rendered":"<p>Realizou-se no \u00e2mbito da disciplina de Cidadania\/PCE, com a turma do 4.\u00ba ano, uma atividade intitulada &#8220;E se tu fosses Primeiro-Ministro? Faz-te ouvir!&#8221;. Esta iniciativa&hellip;<\/p>\n","protected":false},"author":1,"featured_media":0,"comment_status":"closed","ping_status":"closed","sticky":false,"template":"","format":"standard","meta":{"_uag_custom_page_level_css":"","_themeisle_gutenberg_block_has_review":false,"footnotes":""},"categories":[1],"tags":[],"class_list":["post-9264","post","type-post","status-publish","format-standard","hentry","category-geral"],"uagb_featured_image_src":{"full":false,"thumbnail":false,"medium":false,"medium_large":false,"large":false,"1536x1536":false,"2048x2048":false,"320w":false,"480w":false,"800w":false},"uagb_author_info":{"display_name":"admin","author_link":"https:\/\/www.aersp.pt\/portal\/author\/admin\/"},"uagb_comment_info":0,"uagb_excerpt":"Realizou-se no \u00e2mbito da disciplina de Cidadania\/PCE, com a turma do 4.\u00ba ano, uma atividade intitulada &#8220;E se tu fosses Primeiro-Ministro? Faz-te ouvir!&#8221;. Esta iniciativa&hellip;","_links":{"self":[{"href":"https:\/\/www.aersp.pt\/portal\/wp-json\/wp\/v2\/posts\/9264","targetHints":{"allow":["GET"]}}],"collection":[{"href":"https:\/\/www.aersp.pt\/portal\/wp-json\/wp\/v2\/posts"}],"about":[{"href":"https:\/\/www.aersp.pt\/portal\/wp-json\/wp\/v2\/types\/post"}],"author":[{"embeddable":true,"href":"https:\/\/www.aersp.pt\/portal\/wp-json\/wp\/v2\/users\/1"}],"replies":[{"embeddable":true,"href":"https:\/\/www.aersp.pt\/portal\/wp-json\/wp\/v2\/comments?post=9264"}],"version-history":[{"count":1,"href":"https:\/\/www.aersp.pt\/portal\/wp-json\/wp\/v2\/posts\/9264\/revisions"}],"predecessor-version":[{"id":9269,"href":"https:\/\/www.aersp.pt\/portal\/wp-json\/wp\/v2\/posts\/9264\/revisions\/9269"}],"wp:attachment":[{"href":"https:\/\/www.aersp.pt\/portal\/wp-json\/wp\/v2\/media?parent=9264"}],"wp:term":[{"taxonomy":"category","embeddable":true,"href":"https:\/\/www.aersp.pt\/portal\/wp-json\/wp\/v2\/categories?post=9264"},{"taxonomy":"post_tag","embeddable":true,"href":"https:\/\/www.aersp.pt\/portal\/wp-json\/wp\/v2\/tags?post=9264"}],"curies":[{"name":"wp","href":"https:\/\/api.w.org\/{rel}","templated":true}]}}