{"id":9204,"date":"2025-05-26T15:50:39","date_gmt":"2025-05-26T15:50:39","guid":{"rendered":"https:\/\/www.aersp.pt\/portal\/?p=9204"},"modified":"2025-05-27T16:03:03","modified_gmt":"2025-05-27T16:03:03","slug":"intercambio-entre-jardins-de-infancia-de-penamacor-e-idanha-a-nova-uma-experiencia-enriquecedora-para-as-criancas","status":"publish","type":"post","link":"https:\/\/www.aersp.pt\/portal\/2025\/05\/26\/intercambio-entre-jardins-de-infancia-de-penamacor-e-idanha-a-nova-uma-experiencia-enriquecedora-para-as-criancas\/","title":{"rendered":"Interc\u00e2mbio entre Jardins de Inf\u00e2ncia de Penamacor e Idanha-a-Nova: Uma Experi\u00eancia Enriquecedora para as Crian\u00e7as"},"content":{"rendered":"\n<p>Na mais recente iniciativa educativa entre os jardim-de-inf\u00e2ncias de Penamacor e Idanha-a-Nova, as crian\u00e7as tiveram a oportunidade de participar num interc\u00e2mbio especial, repleto de aprendizagens e descobertas. O objetivo central desta atividade foi promover o contacto entre os pequenos alunos das duas localidades, incentivando a socializa\u00e7\u00e3o, o conhecimento do patrim\u00f3nio local e a valoriza\u00e7\u00e3o da cultura da regi\u00e3o.<\/p>\n\n\n\n<p>A visita come\u00e7ou com a rece\u00e7\u00e3o das crian\u00e7as de Idanha-a-Nova nas instala\u00e7\u00f5es do Jardim de Inf\u00e2ncia de Penamacor, onde foram acolhidas com entusiasmo pelos colegas e educadores.<\/p>\n\n\n\n<p>Em seguida, iniciou-se um percurso pela vila, proporcionando aos pequenos visitantes um verdadeiro mergulho na hist\u00f3ria e na cultura local. Entre os pontos explorados, destacam-se o&nbsp;<strong>Convento de Santo Ant\u00f3nio<\/strong>, um dos monumentos emblem\u00e1ticos de Penamacor, e o&nbsp;<strong>Museu Municipal<\/strong>, espa\u00e7o que abriga uma riqueza cultural \u00fanica e ajuda a contar a hist\u00f3ria da regi\u00e3o.<\/p>\n\n\n\n<p>Ap\u00f3s a caminhada enriquecedora, as crian\u00e7as reuniram-se para um&nbsp;<strong>almo\u00e7o conv\u00edvio<\/strong>, onde puderam partilhar experi\u00eancias e fortalecer os la\u00e7os criados durante a visita. A jornada culminou com brincadeiras no&nbsp;<strong>Jardim-de-Inf\u00e2ncia de Penamacor<\/strong>, um momento de lazer e intera\u00e7\u00e3o ao ar livre que estimulou a criatividade e o esp\u00edrito de grupo.<\/p>\n\n\n\n<p>Os objetivos deste interc\u00e2mbio foram amplamente cumpridos: al\u00e9m de promover a troca de experi\u00eancias entre os alunos, a iniciativa incentivou o respeito pelas tradi\u00e7\u00f5es e o interesse pelo patrim\u00f3nio hist\u00f3rico-cultural.&nbsp;<\/p>\n\n\n\n<figure class=\"wp-block-gallery has-nested-images columns-default is-cropped wp-block-gallery-1 is-layout-flex wp-block-gallery-is-layout-flex\">\n<figure class=\"wp-block-image size-large\"><a href=\"https:\/\/www.aersp.pt\/portal\/wp-content\/uploads\/2025\/05\/20250526_141341-COLLAGE-scaled.jpg\"><img fetchpriority=\"high\" decoding=\"async\" width=\"1024\" height=\"1024\" data-id=\"9205\" src=\"https:\/\/www.aersp.pt\/portal\/wp-content\/uploads\/2025\/05\/20250526_141341-COLLAGE-1024x1024.jpg\" alt=\"\" class=\"wp-image-9205\" srcset=\"https:\/\/www.aersp.pt\/portal\/wp-content\/uploads\/2025\/05\/20250526_141341-COLLAGE-1024x1024.jpg 1024w, https:\/\/www.aersp.pt\/portal\/wp-content\/uploads\/2025\/05\/20250526_141341-COLLAGE-300x300.jpg 300w, https:\/\/www.aersp.pt\/portal\/wp-content\/uploads\/2025\/05\/20250526_141341-COLLAGE-150x150.jpg 150w, https:\/\/www.aersp.pt\/portal\/wp-content\/uploads\/2025\/05\/20250526_141341-COLLAGE-768x768.jpg 768w, https:\/\/www.aersp.pt\/portal\/wp-content\/uploads\/2025\/05\/20250526_141341-COLLAGE-1536x1536.jpg 1536w, https:\/\/www.aersp.pt\/portal\/wp-content\/uploads\/2025\/05\/20250526_141341-COLLAGE-2048x2048.jpg 2048w, https:\/\/www.aersp.pt\/portal\/wp-content\/uploads\/2025\/05\/20250526_141341-COLLAGE-320x320.jpg 320w, https:\/\/www.aersp.pt\/portal\/wp-content\/uploads\/2025\/05\/20250526_141341-COLLAGE-480x480.jpg 480w, https:\/\/www.aersp.pt\/portal\/wp-content\/uploads\/2025\/05\/20250526_141341-COLLAGE-800x800.jpg 800w\" sizes=\"(max-width: 1024px) 100vw, 1024px\" \/><\/a><\/figure>\n\n\n\n<figure class=\"wp-block-image size-large\"><a href=\"https:\/\/www.aersp.pt\/portal\/wp-content\/uploads\/2025\/05\/20250526_141528-COLLAGE-scaled.jpg\"><img decoding=\"async\" width=\"576\" height=\"1024\" data-id=\"9206\" src=\"https:\/\/www.aersp.pt\/portal\/wp-content\/uploads\/2025\/05\/20250526_141528-COLLAGE-576x1024.jpg\" alt=\"\" class=\"wp-image-9206\" srcset=\"https:\/\/www.aersp.pt\/portal\/wp-content\/uploads\/2025\/05\/20250526_141528-COLLAGE-576x1024.jpg 576w, https:\/\/www.aersp.pt\/portal\/wp-content\/uploads\/2025\/05\/20250526_141528-COLLAGE-169x300.jpg 169w, https:\/\/www.aersp.pt\/portal\/wp-content\/uploads\/2025\/05\/20250526_141528-COLLAGE-768x1365.jpg 768w, https:\/\/www.aersp.pt\/portal\/wp-content\/uploads\/2025\/05\/20250526_141528-COLLAGE-864x1536.jpg 864w, https:\/\/www.aersp.pt\/portal\/wp-content\/uploads\/2025\/05\/20250526_141528-COLLAGE-1152x2048.jpg 1152w, https:\/\/www.aersp.pt\/portal\/wp-content\/uploads\/2025\/05\/20250526_141528-COLLAGE-320x569.jpg 320w, https:\/\/www.aersp.pt\/portal\/wp-content\/uploads\/2025\/05\/20250526_141528-COLLAGE-480x853.jpg 480w, https:\/\/www.aersp.pt\/portal\/wp-content\/uploads\/2025\/05\/20250526_141528-COLLAGE-800x1422.jpg 800w, https:\/\/www.aersp.pt\/portal\/wp-content\/uploads\/2025\/05\/20250526_141528-COLLAGE-scaled.jpg 1440w\" sizes=\"(max-width: 576px) 100vw, 576px\" \/><\/a><\/figure>\n<\/figure>\n","protected":false},"excerpt":{"rendered":"<p>Na mais recente iniciativa educativa entre os jardim-de-inf\u00e2ncias de Penamacor e Idanha-a-Nova, as crian\u00e7as tiveram a oportunidade de participar num interc\u00e2mbio especial, repleto de aprendizagens&hellip;<\/p>\n","protected":false},"author":1,"featured_media":9205,"comment_status":"closed","ping_status":"closed","sticky":false,"template":"","format":"standard","meta":{"_uag_custom_page_level_css":"","_themeisle_gutenberg_block_has_review":false,"footnotes":""},"categories":[1],"tags":[],"class_list":["post-9204","post","type-post","status-publish","format-standard","has-post-thumbnail","hentry","category-geral"],"uagb_featured_image_src":{"full":["https:\/\/www.aersp.pt\/portal\/wp-content\/uploads\/2025\/05\/20250526_141341-COLLAGE-scaled.jpg",2560,2560,false],"thumbnail":["https:\/\/www.aersp.pt\/portal\/wp-content\/uploads\/2025\/05\/20250526_141341-COLLAGE-150x150.jpg",150,150,true],"medium":["https:\/\/www.aersp.pt\/portal\/wp-content\/uploads\/2025\/05\/20250526_141341-COLLAGE-300x300.jpg",300,300,true],"medium_large":["https:\/\/www.aersp.pt\/portal\/wp-content\/uploads\/2025\/05\/20250526_141341-COLLAGE-768x768.jpg",768,768,true],"large":["https:\/\/www.aersp.pt\/portal\/wp-content\/uploads\/2025\/05\/20250526_141341-COLLAGE-1024x1024.jpg",843,843,true],"1536x1536":["https:\/\/www.aersp.pt\/portal\/wp-content\/uploads\/2025\/05\/20250526_141341-COLLAGE-1536x1536.jpg",1536,1536,true],"2048x2048":["https:\/\/www.aersp.pt\/portal\/wp-content\/uploads\/2025\/05\/20250526_141341-COLLAGE-2048x2048.jpg",2048,2048,true],"320w":["https:\/\/www.aersp.pt\/portal\/wp-content\/uploads\/2025\/05\/20250526_141341-COLLAGE-320x320.jpg",320,320,true],"480w":["https:\/\/www.aersp.pt\/portal\/wp-content\/uploads\/2025\/05\/20250526_141341-COLLAGE-480x480.jpg",480,480,true],"800w":["https:\/\/www.aersp.pt\/portal\/wp-content\/uploads\/2025\/05\/20250526_141341-COLLAGE-800x800.jpg",800,800,true]},"uagb_author_info":{"display_name":"admin","author_link":"https:\/\/www.aersp.pt\/portal\/author\/admin\/"},"uagb_comment_info":0,"uagb_excerpt":"Na mais recente iniciativa educativa entre os jardim-de-inf\u00e2ncias de Penamacor e Idanha-a-Nova, as crian\u00e7as tiveram a oportunidade de participar num interc\u00e2mbio especial, repleto de aprendizagens&hellip;","_links":{"self":[{"href":"https:\/\/www.aersp.pt\/portal\/wp-json\/wp\/v2\/posts\/9204","targetHints":{"allow":["GET"]}}],"collection":[{"href":"https:\/\/www.aersp.pt\/portal\/wp-json\/wp\/v2\/posts"}],"about":[{"href":"https:\/\/www.aersp.pt\/portal\/wp-json\/wp\/v2\/types\/post"}],"author":[{"embeddable":true,"href":"https:\/\/www.aersp.pt\/portal\/wp-json\/wp\/v2\/users\/1"}],"replies":[{"embeddable":true,"href":"https:\/\/www.aersp.pt\/portal\/wp-json\/wp\/v2\/comments?post=9204"}],"version-history":[{"count":1,"href":"https:\/\/www.aersp.pt\/portal\/wp-json\/wp\/v2\/posts\/9204\/revisions"}],"predecessor-version":[{"id":9207,"href":"https:\/\/www.aersp.pt\/portal\/wp-json\/wp\/v2\/posts\/9204\/revisions\/9207"}],"wp:featuredmedia":[{"embeddable":true,"href":"https:\/\/www.aersp.pt\/portal\/wp-json\/wp\/v2\/media\/9205"}],"wp:attachment":[{"href":"https:\/\/www.aersp.pt\/portal\/wp-json\/wp\/v2\/media?parent=9204"}],"wp:term":[{"taxonomy":"category","embeddable":true,"href":"https:\/\/www.aersp.pt\/portal\/wp-json\/wp\/v2\/categories?post=9204"},{"taxonomy":"post_tag","embeddable":true,"href":"https:\/\/www.aersp.pt\/portal\/wp-json\/wp\/v2\/tags?post=9204"}],"curies":[{"name":"wp","href":"https:\/\/api.w.org\/{rel}","templated":true}]}}