{"id":9197,"date":"2025-05-20T15:49:51","date_gmt":"2025-05-20T15:49:51","guid":{"rendered":"https:\/\/www.aersp.pt\/portal\/?p=9197"},"modified":"2025-06-02T15:56:03","modified_gmt":"2025-06-02T15:56:03","slug":"celebracao-do-dia-da-europa-2025-na-euroace","status":"publish","type":"post","link":"https:\/\/www.aersp.pt\/portal\/2025\/05\/20\/celebracao-do-dia-da-europa-2025-na-euroace\/","title":{"rendered":"Celebra\u00e7\u00e3o do Dia da Europa 2025 na EUROACE"},"content":{"rendered":"<div class=\"wp-block-image\">\n<figure class=\"aligncenter size-full\"><img fetchpriority=\"high\" decoding=\"async\" width=\"639\" height=\"355\" src=\"https:\/\/www.aersp.pt\/portal\/wp-content\/uploads\/2025\/05\/dia_europa_euroace.png\" alt=\"\" class=\"wp-image-9198\" srcset=\"https:\/\/www.aersp.pt\/portal\/wp-content\/uploads\/2025\/05\/dia_europa_euroace.png 639w, https:\/\/www.aersp.pt\/portal\/wp-content\/uploads\/2025\/05\/dia_europa_euroace-300x167.png 300w, https:\/\/www.aersp.pt\/portal\/wp-content\/uploads\/2025\/05\/dia_europa_euroace-320x178.png 320w, https:\/\/www.aersp.pt\/portal\/wp-content\/uploads\/2025\/05\/dia_europa_euroace-480x267.png 480w\" sizes=\"(max-width: 639px) 100vw, 639px\" \/><\/figure><\/div>\n\n\n<div style=\"height:67px\" aria-hidden=\"true\" class=\"wp-block-spacer\"><\/div>\n\n\n\n<p class=\"has-text-align-center\">ALUNOS DO AGRUPAMENTO DE ESCOLAS RIBEIRO SANCHES DE PENAMACOR FORAM AT\u00c9 AO MUNIC\u00cdPIO DE ALVITO, NO DIA 15 DE MAIO<\/p>\n\n\n\n<p><br>Isto \u00e9 um adufe foi esta frase, dita em \u00e1rabe e repetida pelos alunos do 8.\u00ba A, no v\u00eddeo constru\u00eddo pelo artista residente do PNA \u2013 Tiago Pereira, que serviu de mote \u00e0 apresenta\u00e7\u00e3o do Agrupamento de Escolas Ribeiro Sanches de<br>Penamacor, em Alvito, no \u00e2mbito das comemora\u00e7\u00f5es do <strong>Dia da Europa<\/strong>, no passado <strong>15 de maio<\/strong>, numa iniciativa promovida pela <strong>EUROACE <\/strong>que reuniu jovens do Alentejo, Regi\u00e3o Centro e Extremadura. O grupo de alunos do<br>AERS, em representa\u00e7\u00e3o da Regi\u00e3o Centro, apresentou um <strong>discurso coletivo inspirado na Declara\u00e7\u00e3o de Schuman<\/strong>, refletindo sobre os valores de uni\u00e3o, paz e solidariedade que estiveram na origem da Uni\u00e3o Europeia. A interven\u00e7\u00e3o<br>destes alunos procurou evocar o esp\u00edrito europeu, com palavras que ressoaram com significado especial neste contexto de celebra\u00e7\u00e3o. Seguiu-se uma apresenta\u00e7\u00e3o musical, com o tradicional <strong>adufe <\/strong>como instrumento central.<br>A pe\u00e7a apresentada, intitulada \u201cMata Aranha\u201d, foi ensaiada e orientada pela professora da Academia de M\u00fasica e Dan\u00e7a do Fund\u00e3o, <strong>Maria Prego<\/strong>. O som ritmado dos adufes encheu o espa\u00e7o de vivacidade e tradi\u00e7\u00e3o, criando um<br>momento \u00fanico de partilha cultural.<\/p>\n\n\n\n<div style=\"height:50px\" aria-hidden=\"true\" class=\"wp-block-spacer\"><\/div>\n\n\n\n<figure class=\"wp-block-video\"><video controls src=\"https:\/\/www.aersp.pt\/portal\/wp-content\/uploads\/2025\/05\/VID-20250516-WA0004_001-Copia.mp4\"><\/video><\/figure>\n\n\n\n<div style=\"height:65px\" aria-hidden=\"true\" class=\"wp-block-spacer\"><\/div>\n\n\n\n<p>Not\u00edcias<\/p>\n\n\n\n<p><a href=\"https:\/\/www.euro-ace.eu\/pt\/noticias\/mais-de-200-alunos-de-escolas-do-alentejo-centro-e-extremadura-celebram-o-dia-da-europa-na\">https:\/\/www.euro-ace.eu\/pt\/noticias\/mais-de-200-alunos-de-escolas-do-alentejo-centro-e-extremadura-celebram-o-dia-da-europa-na<\/a><\/p>\n\n\n\n<figure class=\"wp-block-embed is-type-wp-embed is-provider-comiss-o-de-coordena-o-e-desenvolvimento-regional-do-alentejo-i-p wp-block-embed-comiss-o-de-coordena-o-e-desenvolvimento-regional-do-alentejo-i-p\"><div class=\"wp-block-embed__wrapper\">\n<blockquote class=\"wp-embedded-content\" data-secret=\"ZdI6Bs9jFL\"><a href=\"https:\/\/www.ccdr-a.gov.pt\/alvito-acolheu-as-celebracoes-do-dia-da-europa-2025-com-mais-de-200-participantes-da-eurorregiao-euroace\/\">Alvito acolheu as celebra\u00e7\u00f5es do Dia da Europa 2025 com mais de 200 participantes da eurorregi\u00e3o \u2013 EUROACE<\/a><\/blockquote><iframe class=\"wp-embedded-content\" sandbox=\"allow-scripts\" security=\"restricted\" style=\"position: absolute; visibility: hidden;\" title=\"&#8220;Alvito acolheu as celebra\u00e7\u00f5es do Dia da Europa 2025 com mais de 200 participantes da eurorregi\u00e3o \u2013 EUROACE&#8221; &#8212; Comiss\u00e3o de Coordena\u00e7\u00e3o e Desenvolvimento Regional do Alentejo, I.P.\" src=\"https:\/\/www.ccdr-a.gov.pt\/alvito-acolheu-as-celebracoes-do-dia-da-europa-2025-com-mais-de-200-participantes-da-eurorregiao-euroace\/embed\/#?secret=pxZQk72XsO#?secret=ZdI6Bs9jFL\" data-secret=\"ZdI6Bs9jFL\" width=\"600\" height=\"338\" frameborder=\"0\" marginwidth=\"0\" marginheight=\"0\" scrolling=\"no\"><\/iframe>\n<\/div><\/figure>\n\n\n\n<p><a href=\"https:\/\/www.elperiodicoextremadura.com\/extremadura\/2025\/05\/16\/200-escolares-alentejo-region-centro-euroace-extremadura-117466353.html\">https:\/\/www.elperiodicoextremadura.com\/extremadura\/2025\/05\/16\/200-escolares-alentejo-region-centro-euroace-extremadura-117466353.html<\/a><\/p>\n","protected":false},"excerpt":{"rendered":"<p>ALUNOS DO AGRUPAMENTO DE ESCOLAS RIBEIRO SANCHES DE PENAMACOR FORAM AT\u00c9 AO MUNIC\u00cdPIO DE ALVITO, NO DIA 15 DE MAIO Isto \u00e9 um adufe foi&hellip;<\/p>\n","protected":false},"author":1,"featured_media":9198,"comment_status":"closed","ping_status":"closed","sticky":false,"template":"","format":"standard","meta":{"_uag_custom_page_level_css":"","_themeisle_gutenberg_block_has_review":false,"footnotes":""},"categories":[1],"tags":[],"class_list":["post-9197","post","type-post","status-publish","format-standard","has-post-thumbnail","hentry","category-geral"],"uagb_featured_image_src":{"full":["https:\/\/www.aersp.pt\/portal\/wp-content\/uploads\/2025\/05\/dia_europa_euroace.png",639,355,false],"thumbnail":["https:\/\/www.aersp.pt\/portal\/wp-content\/uploads\/2025\/05\/dia_europa_euroace-150x150.png",150,150,true],"medium":["https:\/\/www.aersp.pt\/portal\/wp-content\/uploads\/2025\/05\/dia_europa_euroace-300x167.png",300,167,true],"medium_large":["https:\/\/www.aersp.pt\/portal\/wp-content\/uploads\/2025\/05\/dia_europa_euroace.png",639,355,false],"large":["https:\/\/www.aersp.pt\/portal\/wp-content\/uploads\/2025\/05\/dia_europa_euroace.png",639,355,false],"1536x1536":["https:\/\/www.aersp.pt\/portal\/wp-content\/uploads\/2025\/05\/dia_europa_euroace.png",639,355,false],"2048x2048":["https:\/\/www.aersp.pt\/portal\/wp-content\/uploads\/2025\/05\/dia_europa_euroace.png",639,355,false],"320w":["https:\/\/www.aersp.pt\/portal\/wp-content\/uploads\/2025\/05\/dia_europa_euroace-320x178.png",320,178,true],"480w":["https:\/\/www.aersp.pt\/portal\/wp-content\/uploads\/2025\/05\/dia_europa_euroace-480x267.png",480,267,true],"800w":["https:\/\/www.aersp.pt\/portal\/wp-content\/uploads\/2025\/05\/dia_europa_euroace.png",639,355,false]},"uagb_author_info":{"display_name":"admin","author_link":"https:\/\/www.aersp.pt\/portal\/author\/admin\/"},"uagb_comment_info":0,"uagb_excerpt":"ALUNOS DO AGRUPAMENTO DE ESCOLAS RIBEIRO SANCHES DE PENAMACOR FORAM AT\u00c9 AO MUNIC\u00cdPIO DE ALVITO, NO DIA 15 DE MAIO Isto \u00e9 um adufe foi&hellip;","_links":{"self":[{"href":"https:\/\/www.aersp.pt\/portal\/wp-json\/wp\/v2\/posts\/9197","targetHints":{"allow":["GET"]}}],"collection":[{"href":"https:\/\/www.aersp.pt\/portal\/wp-json\/wp\/v2\/posts"}],"about":[{"href":"https:\/\/www.aersp.pt\/portal\/wp-json\/wp\/v2\/types\/post"}],"author":[{"embeddable":true,"href":"https:\/\/www.aersp.pt\/portal\/wp-json\/wp\/v2\/users\/1"}],"replies":[{"embeddable":true,"href":"https:\/\/www.aersp.pt\/portal\/wp-json\/wp\/v2\/comments?post=9197"}],"version-history":[{"count":8,"href":"https:\/\/www.aersp.pt\/portal\/wp-json\/wp\/v2\/posts\/9197\/revisions"}],"predecessor-version":[{"id":9220,"href":"https:\/\/www.aersp.pt\/portal\/wp-json\/wp\/v2\/posts\/9197\/revisions\/9220"}],"wp:featuredmedia":[{"embeddable":true,"href":"https:\/\/www.aersp.pt\/portal\/wp-json\/wp\/v2\/media\/9198"}],"wp:attachment":[{"href":"https:\/\/www.aersp.pt\/portal\/wp-json\/wp\/v2\/media?parent=9197"}],"wp:term":[{"taxonomy":"category","embeddable":true,"href":"https:\/\/www.aersp.pt\/portal\/wp-json\/wp\/v2\/categories?post=9197"},{"taxonomy":"post_tag","embeddable":true,"href":"https:\/\/www.aersp.pt\/portal\/wp-json\/wp\/v2\/tags?post=9197"}],"curies":[{"name":"wp","href":"https:\/\/api.w.org\/{rel}","templated":true}]}}