{"id":9173,"date":"2025-05-14T09:31:01","date_gmt":"2025-05-14T09:31:01","guid":{"rendered":"https:\/\/www.aersp.pt\/portal\/?p=9173"},"modified":"2025-05-14T09:33:23","modified_gmt":"2025-05-14T09:33:23","slug":"explorando-a-natureza-alunos-de-penamacor-visitam-o-parque-biologico-da-lousa-miranda-do-corvo","status":"publish","type":"post","link":"https:\/\/www.aersp.pt\/portal\/2025\/05\/14\/explorando-a-natureza-alunos-de-penamacor-visitam-o-parque-biologico-da-lousa-miranda-do-corvo\/","title":{"rendered":"Explorando a Natureza: Alunos de Penamacor Visitam o Parque Biol\u00f3gico da Lous\u00e3- Miranda do Corvo"},"content":{"rendered":"\n<p>No dia 9 de maio de 2025, os alunos das duas turmas do Jardim de Inf\u00e2ncia e a turma do 1 PEN&nbsp;da Escola B\u00e1sica de Penamacor viveram uma experi\u00eancia inesquec\u00edvel no Parque Biol\u00f3gico da Lous\u00e3, situado em Miranda do Corvo.<\/p>\n\n\n\n<p>A visita teve como principais objetivos fomentar o contacto das crian\u00e7as com a natureza, aprofundar o conhecimento sobre os animais que ali habitam e promover momentos de conv\u00edvio entre os alunos. Durante o dia, os pequenos exploradores puderam observar diversas esp\u00e9cies, aprender sobre a import\u00e2ncia da preserva\u00e7\u00e3o ambiental, andar de cavalo, dar de comer aos animais e interagir com os espa\u00e7os educativos do parque.<\/p>\n\n\n\n<p>A atividade foi recebida com grande entusiasmo pelos alunos, que demonstraram curiosidade e alegria ao descobrir mais sobre o mundo natural\/animal. A visita revelou-se uma experi\u00eancia enriquecedora, refor\u00e7ando valores como o respeito pela biodiversidade e incentivando a aprendizagem fora da sala de aula.<\/p>\n\n\n\n<p>A Escola B\u00e1sica de Penamacor espera continuar a proporcionar momentos como este, garantindo que cada aluno tenha oportunidades \u00fanicas para crescer e aprender.<\/p>\n\n\n\n<p>As educadoras<\/p>\n\n\n\n<p>Ana Vieira<\/p>\n\n\n\n<p>Ana Reis<\/p>\n\n\n\n<figure class=\"wp-block-gallery has-nested-images columns-default is-cropped wp-block-gallery-1 is-layout-flex wp-block-gallery-is-layout-flex\">\n<figure class=\"wp-block-image size-large\"><a href=\"https:\/\/www.aersp.pt\/portal\/wp-content\/uploads\/2025\/05\/visita-estudo-scaled.jpg\"><img fetchpriority=\"high\" decoding=\"async\" width=\"1024\" height=\"1024\" data-id=\"9175\" src=\"https:\/\/www.aersp.pt\/portal\/wp-content\/uploads\/2025\/05\/visita-estudo-1024x1024.jpg\" alt=\"\" class=\"wp-image-9175\" srcset=\"https:\/\/www.aersp.pt\/portal\/wp-content\/uploads\/2025\/05\/visita-estudo-1024x1024.jpg 1024w, https:\/\/www.aersp.pt\/portal\/wp-content\/uploads\/2025\/05\/visita-estudo-300x300.jpg 300w, https:\/\/www.aersp.pt\/portal\/wp-content\/uploads\/2025\/05\/visita-estudo-150x150.jpg 150w, https:\/\/www.aersp.pt\/portal\/wp-content\/uploads\/2025\/05\/visita-estudo-768x768.jpg 768w, https:\/\/www.aersp.pt\/portal\/wp-content\/uploads\/2025\/05\/visita-estudo-1536x1536.jpg 1536w, https:\/\/www.aersp.pt\/portal\/wp-content\/uploads\/2025\/05\/visita-estudo-2048x2048.jpg 2048w, https:\/\/www.aersp.pt\/portal\/wp-content\/uploads\/2025\/05\/visita-estudo-320x320.jpg 320w, https:\/\/www.aersp.pt\/portal\/wp-content\/uploads\/2025\/05\/visita-estudo-480x480.jpg 480w, https:\/\/www.aersp.pt\/portal\/wp-content\/uploads\/2025\/05\/visita-estudo-800x800.jpg 800w\" sizes=\"(max-width: 1024px) 100vw, 1024px\" \/><\/a><\/figure>\n\n\n\n<figure class=\"wp-block-image size-large\"><a href=\"https:\/\/www.aersp.pt\/portal\/wp-content\/uploads\/2025\/05\/visita-estudo-1-scaled.jpg\"><img decoding=\"async\" width=\"1024\" height=\"1024\" data-id=\"9174\" src=\"https:\/\/www.aersp.pt\/portal\/wp-content\/uploads\/2025\/05\/visita-estudo-1-1024x1024.jpg\" alt=\"\" class=\"wp-image-9174\" srcset=\"https:\/\/www.aersp.pt\/portal\/wp-content\/uploads\/2025\/05\/visita-estudo-1-1024x1024.jpg 1024w, https:\/\/www.aersp.pt\/portal\/wp-content\/uploads\/2025\/05\/visita-estudo-1-300x300.jpg 300w, https:\/\/www.aersp.pt\/portal\/wp-content\/uploads\/2025\/05\/visita-estudo-1-150x150.jpg 150w, https:\/\/www.aersp.pt\/portal\/wp-content\/uploads\/2025\/05\/visita-estudo-1-768x768.jpg 768w, https:\/\/www.aersp.pt\/portal\/wp-content\/uploads\/2025\/05\/visita-estudo-1-1536x1536.jpg 1536w, https:\/\/www.aersp.pt\/portal\/wp-content\/uploads\/2025\/05\/visita-estudo-1-2048x2048.jpg 2048w, https:\/\/www.aersp.pt\/portal\/wp-content\/uploads\/2025\/05\/visita-estudo-1-320x320.jpg 320w, https:\/\/www.aersp.pt\/portal\/wp-content\/uploads\/2025\/05\/visita-estudo-1-480x480.jpg 480w, https:\/\/www.aersp.pt\/portal\/wp-content\/uploads\/2025\/05\/visita-estudo-1-800x800.jpg 800w\" sizes=\"(max-width: 1024px) 100vw, 1024px\" \/><\/a><\/figure>\n<\/figure>\n","protected":false},"excerpt":{"rendered":"<p>No dia 9 de maio de 2025, os alunos das duas turmas do Jardim de Inf\u00e2ncia e a turma do 1 PEN&nbsp;da Escola B\u00e1sica de&hellip;<\/p>\n","protected":false},"author":1,"featured_media":9175,"comment_status":"closed","ping_status":"closed","sticky":false,"template":"","format":"standard","meta":{"_uag_custom_page_level_css":"","_themeisle_gutenberg_block_has_review":false,"footnotes":""},"categories":[1],"tags":[],"class_list":["post-9173","post","type-post","status-publish","format-standard","has-post-thumbnail","hentry","category-geral"],"uagb_featured_image_src":{"full":["https:\/\/www.aersp.pt\/portal\/wp-content\/uploads\/2025\/05\/visita-estudo-scaled.jpg",2560,2560,false],"thumbnail":["https:\/\/www.aersp.pt\/portal\/wp-content\/uploads\/2025\/05\/visita-estudo-150x150.jpg",150,150,true],"medium":["https:\/\/www.aersp.pt\/portal\/wp-content\/uploads\/2025\/05\/visita-estudo-300x300.jpg",300,300,true],"medium_large":["https:\/\/www.aersp.pt\/portal\/wp-content\/uploads\/2025\/05\/visita-estudo-768x768.jpg",768,768,true],"large":["https:\/\/www.aersp.pt\/portal\/wp-content\/uploads\/2025\/05\/visita-estudo-1024x1024.jpg",843,843,true],"1536x1536":["https:\/\/www.aersp.pt\/portal\/wp-content\/uploads\/2025\/05\/visita-estudo-1536x1536.jpg",1536,1536,true],"2048x2048":["https:\/\/www.aersp.pt\/portal\/wp-content\/uploads\/2025\/05\/visita-estudo-2048x2048.jpg",2048,2048,true],"320w":["https:\/\/www.aersp.pt\/portal\/wp-content\/uploads\/2025\/05\/visita-estudo-320x320.jpg",320,320,true],"480w":["https:\/\/www.aersp.pt\/portal\/wp-content\/uploads\/2025\/05\/visita-estudo-480x480.jpg",480,480,true],"800w":["https:\/\/www.aersp.pt\/portal\/wp-content\/uploads\/2025\/05\/visita-estudo-800x800.jpg",800,800,true]},"uagb_author_info":{"display_name":"admin","author_link":"https:\/\/www.aersp.pt\/portal\/author\/admin\/"},"uagb_comment_info":0,"uagb_excerpt":"No dia 9 de maio de 2025, os alunos das duas turmas do Jardim de Inf\u00e2ncia e a turma do 1 PEN&nbsp;da Escola B\u00e1sica de&hellip;","_links":{"self":[{"href":"https:\/\/www.aersp.pt\/portal\/wp-json\/wp\/v2\/posts\/9173","targetHints":{"allow":["GET"]}}],"collection":[{"href":"https:\/\/www.aersp.pt\/portal\/wp-json\/wp\/v2\/posts"}],"about":[{"href":"https:\/\/www.aersp.pt\/portal\/wp-json\/wp\/v2\/types\/post"}],"author":[{"embeddable":true,"href":"https:\/\/www.aersp.pt\/portal\/wp-json\/wp\/v2\/users\/1"}],"replies":[{"embeddable":true,"href":"https:\/\/www.aersp.pt\/portal\/wp-json\/wp\/v2\/comments?post=9173"}],"version-history":[{"count":2,"href":"https:\/\/www.aersp.pt\/portal\/wp-json\/wp\/v2\/posts\/9173\/revisions"}],"predecessor-version":[{"id":9177,"href":"https:\/\/www.aersp.pt\/portal\/wp-json\/wp\/v2\/posts\/9173\/revisions\/9177"}],"wp:featuredmedia":[{"embeddable":true,"href":"https:\/\/www.aersp.pt\/portal\/wp-json\/wp\/v2\/media\/9175"}],"wp:attachment":[{"href":"https:\/\/www.aersp.pt\/portal\/wp-json\/wp\/v2\/media?parent=9173"}],"wp:term":[{"taxonomy":"category","embeddable":true,"href":"https:\/\/www.aersp.pt\/portal\/wp-json\/wp\/v2\/categories?post=9173"},{"taxonomy":"post_tag","embeddable":true,"href":"https:\/\/www.aersp.pt\/portal\/wp-json\/wp\/v2\/tags?post=9173"}],"curies":[{"name":"wp","href":"https:\/\/api.w.org\/{rel}","templated":true}]}}