{"id":9166,"date":"2025-05-14T09:27:20","date_gmt":"2025-05-14T09:27:20","guid":{"rendered":"https:\/\/www.aersp.pt\/portal\/?p=9166"},"modified":"2025-05-14T09:27:24","modified_gmt":"2025-05-14T09:27:24","slug":"campeonato-regional-de-boccia","status":"publish","type":"post","link":"https:\/\/www.aersp.pt\/portal\/2025\/05\/14\/campeonato-regional-de-boccia\/","title":{"rendered":"Campeonato Regional de BOCCIA"},"content":{"rendered":"\n<p>No dia 9 de maio, em Tondela, os alunos que representam o AERSP no Desporto Escolar &#8211; modalidade BOCCIA, participaram no campeonato regional das divis\u00f5es I3 e E2. Representaram a nossa escola com muito empenho e<br>dedica\u00e7\u00e3o, frente a equipas de toda a regi\u00e3o centro. Est\u00e3o de parab\u00e9ns, tendo conseguido o 1\u00ba lugar individual e o 1\u00ba lugar em equipa. Os nossos her\u00f3is s\u00e3o a In\u00eas Gon\u00e7alves, o Martim Gabriel, o Micael Almeida, o Salvador Lopes e o<br>Tiago Almeida. Estiveram tamb\u00e9m presentes os nossos \u00e1rbitros Santiago Lopes e Tiago Oliveira e foram igualmente bem sucedidos. Os nossos atletas estar\u00e3o presentes na final nacional nos dias 29, 30 e 31 de maio, em Matosinhos.<br><\/p>\n\n\n\n<p>A modalidade de BOCCIA j\u00e1 existe na nossa escola h\u00e1 cerca de 15 anos, e tem sido muitas vezes premiada gra\u00e7as ao empenho de professores e alunos. Os alunos que a frequentam e frequentaram iniciaram o seu percurso<br>normalmente no segundo ciclo (5\u00ba ano). Os professores Jorge Micaelo, Maria Jo\u00e3o Coelho e Nuno Silva (anteriormente) e Carlos Boucho &#8211; atual treinador, desenvolveram e continuam a desenvolver um trabalho ao longo de todo o ano letivo com estes alunos para que possam representar a nossa escola com afinco! Est\u00e3o todos de parab\u00e9ns!!<br><\/p>\n\n\n\n<p>Boa sorte para a final nacional.<br>Ana Marcos<\/p>\n\n\n\n<figure class=\"wp-block-gallery has-nested-images columns-4 is-cropped wp-block-gallery-1 is-layout-flex wp-block-gallery-is-layout-flex\">\n<figure class=\"wp-block-image size-large\"><img fetchpriority=\"high\" decoding=\"async\" width=\"369\" height=\"819\" data-id=\"9167\" src=\"https:\/\/www.aersp.pt\/portal\/wp-content\/uploads\/2025\/05\/foto1-1.png\" alt=\"\" class=\"wp-image-9167\" srcset=\"https:\/\/www.aersp.pt\/portal\/wp-content\/uploads\/2025\/05\/foto1-1.png 369w, https:\/\/www.aersp.pt\/portal\/wp-content\/uploads\/2025\/05\/foto1-1-135x300.png 135w, https:\/\/www.aersp.pt\/portal\/wp-content\/uploads\/2025\/05\/foto1-1-320x710.png 320w\" sizes=\"(max-width: 369px) 100vw, 369px\" \/><\/figure>\n\n\n\n<figure class=\"wp-block-image size-large\"><img decoding=\"async\" width=\"378\" height=\"823\" data-id=\"9168\" src=\"https:\/\/www.aersp.pt\/portal\/wp-content\/uploads\/2025\/05\/foto2-1.png\" alt=\"\" class=\"wp-image-9168\" srcset=\"https:\/\/www.aersp.pt\/portal\/wp-content\/uploads\/2025\/05\/foto2-1.png 378w, https:\/\/www.aersp.pt\/portal\/wp-content\/uploads\/2025\/05\/foto2-1-138x300.png 138w, https:\/\/www.aersp.pt\/portal\/wp-content\/uploads\/2025\/05\/foto2-1-320x697.png 320w\" sizes=\"(max-width: 378px) 100vw, 378px\" \/><\/figure>\n\n\n\n<figure class=\"wp-block-image size-large\"><img decoding=\"async\" width=\"254\" height=\"560\" data-id=\"9169\" src=\"https:\/\/www.aersp.pt\/portal\/wp-content\/uploads\/2025\/05\/foto3.png\" alt=\"\" class=\"wp-image-9169\" srcset=\"https:\/\/www.aersp.pt\/portal\/wp-content\/uploads\/2025\/05\/foto3.png 254w, https:\/\/www.aersp.pt\/portal\/wp-content\/uploads\/2025\/05\/foto3-136x300.png 136w\" sizes=\"(max-width: 254px) 100vw, 254px\" \/><\/figure>\n\n\n\n<figure class=\"wp-block-image size-large\"><img loading=\"lazy\" decoding=\"async\" width=\"461\" height=\"1024\" data-id=\"9170\" src=\"https:\/\/www.aersp.pt\/portal\/wp-content\/uploads\/2025\/05\/foto4-461x1024.png\" alt=\"\" class=\"wp-image-9170\" srcset=\"https:\/\/www.aersp.pt\/portal\/wp-content\/uploads\/2025\/05\/foto4-461x1024.png 461w, https:\/\/www.aersp.pt\/portal\/wp-content\/uploads\/2025\/05\/foto4-135x300.png 135w, https:\/\/www.aersp.pt\/portal\/wp-content\/uploads\/2025\/05\/foto4-768x1708.png 768w, https:\/\/www.aersp.pt\/portal\/wp-content\/uploads\/2025\/05\/foto4-691x1536.png 691w, https:\/\/www.aersp.pt\/portal\/wp-content\/uploads\/2025\/05\/foto4-320x712.png 320w, https:\/\/www.aersp.pt\/portal\/wp-content\/uploads\/2025\/05\/foto4-480x1067.png 480w, https:\/\/www.aersp.pt\/portal\/wp-content\/uploads\/2025\/05\/foto4-800x1779.png 800w, https:\/\/www.aersp.pt\/portal\/wp-content\/uploads\/2025\/05\/foto4.png 921w\" sizes=\"(max-width: 461px) 100vw, 461px\" \/><\/figure>\n\n\n\n<figure class=\"wp-block-image size-large\"><img loading=\"lazy\" decoding=\"async\" width=\"1024\" height=\"380\" data-id=\"9171\" src=\"https:\/\/www.aersp.pt\/portal\/wp-content\/uploads\/2025\/05\/foto5-1024x380.png\" alt=\"\" class=\"wp-image-9171\" srcset=\"https:\/\/www.aersp.pt\/portal\/wp-content\/uploads\/2025\/05\/foto5-1024x380.png 1024w, https:\/\/www.aersp.pt\/portal\/wp-content\/uploads\/2025\/05\/foto5-300x111.png 300w, https:\/\/www.aersp.pt\/portal\/wp-content\/uploads\/2025\/05\/foto5-768x285.png 768w, https:\/\/www.aersp.pt\/portal\/wp-content\/uploads\/2025\/05\/foto5-1536x570.png 1536w, https:\/\/www.aersp.pt\/portal\/wp-content\/uploads\/2025\/05\/foto5-320x119.png 320w, https:\/\/www.aersp.pt\/portal\/wp-content\/uploads\/2025\/05\/foto5-480x178.png 480w, https:\/\/www.aersp.pt\/portal\/wp-content\/uploads\/2025\/05\/foto5-800x297.png 800w, https:\/\/www.aersp.pt\/portal\/wp-content\/uploads\/2025\/05\/foto5.png 2028w\" sizes=\"(max-width: 1024px) 100vw, 1024px\" \/><\/figure>\n<\/figure>\n","protected":false},"excerpt":{"rendered":"<p>No dia 9 de maio, em Tondela, os alunos que representam o AERSP no Desporto Escolar &#8211; modalidade BOCCIA, participaram no campeonato regional das divis\u00f5es&hellip;<\/p>\n","protected":false},"author":1,"featured_media":9167,"comment_status":"closed","ping_status":"closed","sticky":false,"template":"","format":"standard","meta":{"_uag_custom_page_level_css":"","_themeisle_gutenberg_block_has_review":false,"footnotes":""},"categories":[1],"tags":[],"class_list":["post-9166","post","type-post","status-publish","format-standard","has-post-thumbnail","hentry","category-geral"],"uagb_featured_image_src":{"full":["https:\/\/www.aersp.pt\/portal\/wp-content\/uploads\/2025\/05\/foto1-1.png",369,819,false],"thumbnail":["https:\/\/www.aersp.pt\/portal\/wp-content\/uploads\/2025\/05\/foto1-1-150x150.png",150,150,true],"medium":["https:\/\/www.aersp.pt\/portal\/wp-content\/uploads\/2025\/05\/foto1-1-135x300.png",135,300,true],"medium_large":["https:\/\/www.aersp.pt\/portal\/wp-content\/uploads\/2025\/05\/foto1-1.png",369,819,false],"large":["https:\/\/www.aersp.pt\/portal\/wp-content\/uploads\/2025\/05\/foto1-1.png",369,819,false],"1536x1536":["https:\/\/www.aersp.pt\/portal\/wp-content\/uploads\/2025\/05\/foto1-1.png",369,819,false],"2048x2048":["https:\/\/www.aersp.pt\/portal\/wp-content\/uploads\/2025\/05\/foto1-1.png",369,819,false],"320w":["https:\/\/www.aersp.pt\/portal\/wp-content\/uploads\/2025\/05\/foto1-1-320x710.png",320,710,true],"480w":["https:\/\/www.aersp.pt\/portal\/wp-content\/uploads\/2025\/05\/foto1-1.png",369,819,false],"800w":["https:\/\/www.aersp.pt\/portal\/wp-content\/uploads\/2025\/05\/foto1-1.png",369,819,false]},"uagb_author_info":{"display_name":"admin","author_link":"https:\/\/www.aersp.pt\/portal\/author\/admin\/"},"uagb_comment_info":0,"uagb_excerpt":"No dia 9 de maio, em Tondela, os alunos que representam o AERSP no Desporto Escolar &#8211; modalidade BOCCIA, participaram no campeonato regional das divis\u00f5es&hellip;","_links":{"self":[{"href":"https:\/\/www.aersp.pt\/portal\/wp-json\/wp\/v2\/posts\/9166","targetHints":{"allow":["GET"]}}],"collection":[{"href":"https:\/\/www.aersp.pt\/portal\/wp-json\/wp\/v2\/posts"}],"about":[{"href":"https:\/\/www.aersp.pt\/portal\/wp-json\/wp\/v2\/types\/post"}],"author":[{"embeddable":true,"href":"https:\/\/www.aersp.pt\/portal\/wp-json\/wp\/v2\/users\/1"}],"replies":[{"embeddable":true,"href":"https:\/\/www.aersp.pt\/portal\/wp-json\/wp\/v2\/comments?post=9166"}],"version-history":[{"count":1,"href":"https:\/\/www.aersp.pt\/portal\/wp-json\/wp\/v2\/posts\/9166\/revisions"}],"predecessor-version":[{"id":9172,"href":"https:\/\/www.aersp.pt\/portal\/wp-json\/wp\/v2\/posts\/9166\/revisions\/9172"}],"wp:featuredmedia":[{"embeddable":true,"href":"https:\/\/www.aersp.pt\/portal\/wp-json\/wp\/v2\/media\/9167"}],"wp:attachment":[{"href":"https:\/\/www.aersp.pt\/portal\/wp-json\/wp\/v2\/media?parent=9166"}],"wp:term":[{"taxonomy":"category","embeddable":true,"href":"https:\/\/www.aersp.pt\/portal\/wp-json\/wp\/v2\/categories?post=9166"},{"taxonomy":"post_tag","embeddable":true,"href":"https:\/\/www.aersp.pt\/portal\/wp-json\/wp\/v2\/tags?post=9166"}],"curies":[{"name":"wp","href":"https:\/\/api.w.org\/{rel}","templated":true}]}}