{"id":9145,"date":"2025-05-13T09:36:31","date_gmt":"2025-05-13T09:36:31","guid":{"rendered":"https:\/\/www.aersp.pt\/portal\/?p=9145"},"modified":"2025-05-13T09:37:33","modified_gmt":"2025-05-13T09:37:33","slug":"visita-de-estudo-a-proenca-a-nova","status":"publish","type":"post","link":"https:\/\/www.aersp.pt\/portal\/2025\/05\/13\/visita-de-estudo-a-proenca-a-nova\/","title":{"rendered":"Visita de Estudo a Proen\u00e7a-a-Nova"},"content":{"rendered":"\n<p>No dia 02 de maio, os alunos do Clube de Ci\u00eancia Viva, deslocaram-se ao Centro de Ci\u00eancia Viva de Proen\u00e7a-a-Nova, tendo visitado durante a parte da manh\u00e3, uma exposi\u00e7\u00e3o interativa sobre a Floresta e \u00e0 tarde participaram na Atividade: Compostagem \u201cda Terra \u00e0 Terra\u201d, tendo aprendido na pr\u00e1tica como se faz um compostor.<\/p>\n\n\n\n<p>A visita, que contou com a presen\u00e7a das professoras Cristina Silva e Nat\u00e9rcia Caetano, foi vista como positiva e muito interessante pelos alunos, na medida em que lhes permitiu um contacto muito pr\u00f3ximo com o meio ambiente, consolidando conte\u00fados adquiridos durante as aulas.<br>Resta-nos assim agradecer ao Centro de Ci\u00eancia Viva de Proen\u00e7a-a-Nova pela colabora\u00e7\u00e3o, assim como a todos os envolvidos, com a garantia de que novas visitas ser\u00e3o feitas num futuro breve.<\/p>\n\n\n\n<p>As professoras:<br>Cristina Silva e Nat\u00e9rcia Caetano<\/p>\n\n\n\n<figure class=\"wp-block-gallery has-nested-images columns-default is-cropped wp-block-gallery-1 is-layout-flex wp-block-gallery-is-layout-flex\">\n<figure class=\"wp-block-image size-large\"><img fetchpriority=\"high\" decoding=\"async\" width=\"471\" height=\"208\" data-id=\"9146\" src=\"https:\/\/www.aersp.pt\/portal\/wp-content\/uploads\/2025\/05\/foto1.png\" alt=\"\" class=\"wp-image-9146\" srcset=\"https:\/\/www.aersp.pt\/portal\/wp-content\/uploads\/2025\/05\/foto1.png 471w, https:\/\/www.aersp.pt\/portal\/wp-content\/uploads\/2025\/05\/foto1-300x132.png 300w, https:\/\/www.aersp.pt\/portal\/wp-content\/uploads\/2025\/05\/foto1-320x141.png 320w\" sizes=\"(max-width: 471px) 100vw, 471px\" \/><\/figure>\n\n\n\n<figure class=\"wp-block-image size-large\"><img decoding=\"async\" width=\"516\" height=\"291\" data-id=\"9147\" src=\"https:\/\/www.aersp.pt\/portal\/wp-content\/uploads\/2025\/05\/foto2.png\" alt=\"\" class=\"wp-image-9147\" srcset=\"https:\/\/www.aersp.pt\/portal\/wp-content\/uploads\/2025\/05\/foto2.png 516w, https:\/\/www.aersp.pt\/portal\/wp-content\/uploads\/2025\/05\/foto2-300x169.png 300w, https:\/\/www.aersp.pt\/portal\/wp-content\/uploads\/2025\/05\/foto2-320x180.png 320w, https:\/\/www.aersp.pt\/portal\/wp-content\/uploads\/2025\/05\/foto2-480x271.png 480w\" sizes=\"(max-width: 516px) 100vw, 516px\" \/><\/figure>\n<\/figure>\n","protected":false},"excerpt":{"rendered":"<p>No dia 02 de maio, os alunos do Clube de Ci\u00eancia Viva, deslocaram-se ao Centro de Ci\u00eancia Viva de Proen\u00e7a-a-Nova, tendo visitado durante a parte&hellip;<\/p>\n","protected":false},"author":1,"featured_media":9146,"comment_status":"closed","ping_status":"closed","sticky":false,"template":"","format":"standard","meta":{"_uag_custom_page_level_css":"","_themeisle_gutenberg_block_has_review":false,"footnotes":""},"categories":[1],"tags":[],"class_list":["post-9145","post","type-post","status-publish","format-standard","has-post-thumbnail","hentry","category-geral"],"uagb_featured_image_src":{"full":["https:\/\/www.aersp.pt\/portal\/wp-content\/uploads\/2025\/05\/foto1.png",471,208,false],"thumbnail":["https:\/\/www.aersp.pt\/portal\/wp-content\/uploads\/2025\/05\/foto1-150x150.png",150,150,true],"medium":["https:\/\/www.aersp.pt\/portal\/wp-content\/uploads\/2025\/05\/foto1-300x132.png",300,132,true],"medium_large":["https:\/\/www.aersp.pt\/portal\/wp-content\/uploads\/2025\/05\/foto1.png",471,208,false],"large":["https:\/\/www.aersp.pt\/portal\/wp-content\/uploads\/2025\/05\/foto1.png",471,208,false],"1536x1536":["https:\/\/www.aersp.pt\/portal\/wp-content\/uploads\/2025\/05\/foto1.png",471,208,false],"2048x2048":["https:\/\/www.aersp.pt\/portal\/wp-content\/uploads\/2025\/05\/foto1.png",471,208,false],"320w":["https:\/\/www.aersp.pt\/portal\/wp-content\/uploads\/2025\/05\/foto1-320x141.png",320,141,true],"480w":["https:\/\/www.aersp.pt\/portal\/wp-content\/uploads\/2025\/05\/foto1.png",471,208,false],"800w":["https:\/\/www.aersp.pt\/portal\/wp-content\/uploads\/2025\/05\/foto1.png",471,208,false]},"uagb_author_info":{"display_name":"admin","author_link":"https:\/\/www.aersp.pt\/portal\/author\/admin\/"},"uagb_comment_info":0,"uagb_excerpt":"No dia 02 de maio, os alunos do Clube de Ci\u00eancia Viva, deslocaram-se ao Centro de Ci\u00eancia Viva de Proen\u00e7a-a-Nova, tendo visitado durante a parte&hellip;","_links":{"self":[{"href":"https:\/\/www.aersp.pt\/portal\/wp-json\/wp\/v2\/posts\/9145","targetHints":{"allow":["GET"]}}],"collection":[{"href":"https:\/\/www.aersp.pt\/portal\/wp-json\/wp\/v2\/posts"}],"about":[{"href":"https:\/\/www.aersp.pt\/portal\/wp-json\/wp\/v2\/types\/post"}],"author":[{"embeddable":true,"href":"https:\/\/www.aersp.pt\/portal\/wp-json\/wp\/v2\/users\/1"}],"replies":[{"embeddable":true,"href":"https:\/\/www.aersp.pt\/portal\/wp-json\/wp\/v2\/comments?post=9145"}],"version-history":[{"count":1,"href":"https:\/\/www.aersp.pt\/portal\/wp-json\/wp\/v2\/posts\/9145\/revisions"}],"predecessor-version":[{"id":9148,"href":"https:\/\/www.aersp.pt\/portal\/wp-json\/wp\/v2\/posts\/9145\/revisions\/9148"}],"wp:featuredmedia":[{"embeddable":true,"href":"https:\/\/www.aersp.pt\/portal\/wp-json\/wp\/v2\/media\/9146"}],"wp:attachment":[{"href":"https:\/\/www.aersp.pt\/portal\/wp-json\/wp\/v2\/media?parent=9145"}],"wp:term":[{"taxonomy":"category","embeddable":true,"href":"https:\/\/www.aersp.pt\/portal\/wp-json\/wp\/v2\/categories?post=9145"},{"taxonomy":"post_tag","embeddable":true,"href":"https:\/\/www.aersp.pt\/portal\/wp-json\/wp\/v2\/tags?post=9145"}],"curies":[{"name":"wp","href":"https:\/\/api.w.org\/{rel}","templated":true}]}}