{"id":9057,"date":"2025-04-07T09:05:39","date_gmt":"2025-04-07T09:05:39","guid":{"rendered":"https:\/\/www.aersp.pt\/portal\/?p=9057"},"modified":"2025-04-07T09:07:44","modified_gmt":"2025-04-07T09:07:44","slug":"olimpiadas-portuguesas-da-geologia-2025-fase-regional","status":"publish","type":"post","link":"https:\/\/www.aersp.pt\/portal\/2025\/04\/07\/olimpiadas-portuguesas-da-geologia-2025-fase-regional\/","title":{"rendered":"Olimp\u00edadas Portuguesas da Geologia 2025 \u2013 Fase Regional"},"content":{"rendered":"\n<p>As Olimp\u00edadas Portuguesas da Geologia (OPG), organizadas pela Sociedade Geol\u00f3gica de Portugal, com a colabora\u00e7\u00e3o do Centro de Ci\u00eancia Viva do Lousal, decorrem anualmente e visam apurar tr\u00eas alunos do 11.\u00ba ano de escolaridade, inscritos na disciplina de Biologia e Geologia, para participarem nas Olimp\u00edadas Internacionais de Geologia.<\/p>\n\n\n\n<p>Terminada a Fase Escolar das OPG 2025, decorreu no passado s\u00e1bado, dia 05 de abril, a Fase Regional, no Col\u00e9gio Rainha Santa Isabel,&nbsp;em Coimbra, onde estiveram representadas cerca de 40 escolas da regi\u00e3o centro.<\/p>\n\n\n\n<p>O nosso Agrupamento foi representado pelos alunos Francisco Fernandes, Beatriz Cortinhas e Rodrigo Figueira, e, aguardando os resultados, desde j\u00e1 os nossos agradecimentos aos alunos por mais esta importante participa\u00e7\u00e3o nas OPG, com votos de sucesso futuro nos seus percursos escolares.<\/p>\n\n\n\n<p>O professor respons\u00e1vel,<\/p>\n\n\n\n<p>Jo\u00e3o Artur Pacheco<\/p>\n\n\n\n<figure class=\"wp-block-image size-large\"><a href=\"https:\/\/www.aersp.pt\/portal\/wp-content\/uploads\/2025\/04\/OPG-2025-scaled.jpg\"><img fetchpriority=\"high\" decoding=\"async\" width=\"844\" height=\"1024\" src=\"https:\/\/www.aersp.pt\/portal\/wp-content\/uploads\/2025\/04\/OPG-2025-844x1024.jpg\" alt=\"\" class=\"wp-image-9058\" srcset=\"https:\/\/www.aersp.pt\/portal\/wp-content\/uploads\/2025\/04\/OPG-2025-844x1024.jpg 844w, https:\/\/www.aersp.pt\/portal\/wp-content\/uploads\/2025\/04\/OPG-2025-247x300.jpg 247w, https:\/\/www.aersp.pt\/portal\/wp-content\/uploads\/2025\/04\/OPG-2025-768x932.jpg 768w, https:\/\/www.aersp.pt\/portal\/wp-content\/uploads\/2025\/04\/OPG-2025-1265x1536.jpg 1265w, https:\/\/www.aersp.pt\/portal\/wp-content\/uploads\/2025\/04\/OPG-2025-1687x2048.jpg 1687w, https:\/\/www.aersp.pt\/portal\/wp-content\/uploads\/2025\/04\/OPG-2025-320x388.jpg 320w, https:\/\/www.aersp.pt\/portal\/wp-content\/uploads\/2025\/04\/OPG-2025-480x583.jpg 480w, https:\/\/www.aersp.pt\/portal\/wp-content\/uploads\/2025\/04\/OPG-2025-800x971.jpg 800w\" sizes=\"(max-width: 844px) 100vw, 844px\" \/><\/a><figcaption class=\"wp-element-caption\">smart<\/figcaption><\/figure>\n","protected":false},"excerpt":{"rendered":"<p>As Olimp\u00edadas Portuguesas da Geologia (OPG), organizadas pela Sociedade Geol\u00f3gica de Portugal, com a colabora\u00e7\u00e3o do Centro de Ci\u00eancia Viva do Lousal, decorrem anualmente e&hellip;<\/p>\n","protected":false},"author":1,"featured_media":9058,"comment_status":"closed","ping_status":"closed","sticky":false,"template":"","format":"standard","meta":{"_uag_custom_page_level_css":"","_themeisle_gutenberg_block_has_review":false,"footnotes":""},"categories":[1],"tags":[],"class_list":["post-9057","post","type-post","status-publish","format-standard","has-post-thumbnail","hentry","category-geral"],"uagb_featured_image_src":{"full":["https:\/\/www.aersp.pt\/portal\/wp-content\/uploads\/2025\/04\/OPG-2025-scaled.jpg",2109,2560,false],"thumbnail":["https:\/\/www.aersp.pt\/portal\/wp-content\/uploads\/2025\/04\/OPG-2025-150x150.jpg",150,150,true],"medium":["https:\/\/www.aersp.pt\/portal\/wp-content\/uploads\/2025\/04\/OPG-2025-247x300.jpg",247,300,true],"medium_large":["https:\/\/www.aersp.pt\/portal\/wp-content\/uploads\/2025\/04\/OPG-2025-768x932.jpg",768,932,true],"large":["https:\/\/www.aersp.pt\/portal\/wp-content\/uploads\/2025\/04\/OPG-2025-844x1024.jpg",843,1023,true],"1536x1536":["https:\/\/www.aersp.pt\/portal\/wp-content\/uploads\/2025\/04\/OPG-2025-1265x1536.jpg",1265,1536,true],"2048x2048":["https:\/\/www.aersp.pt\/portal\/wp-content\/uploads\/2025\/04\/OPG-2025-1687x2048.jpg",1687,2048,true],"320w":["https:\/\/www.aersp.pt\/portal\/wp-content\/uploads\/2025\/04\/OPG-2025-320x388.jpg",320,388,true],"480w":["https:\/\/www.aersp.pt\/portal\/wp-content\/uploads\/2025\/04\/OPG-2025-480x583.jpg",480,583,true],"800w":["https:\/\/www.aersp.pt\/portal\/wp-content\/uploads\/2025\/04\/OPG-2025-800x971.jpg",800,971,true]},"uagb_author_info":{"display_name":"admin","author_link":"https:\/\/www.aersp.pt\/portal\/author\/admin\/"},"uagb_comment_info":0,"uagb_excerpt":"As Olimp\u00edadas Portuguesas da Geologia (OPG), organizadas pela Sociedade Geol\u00f3gica de Portugal, com a colabora\u00e7\u00e3o do Centro de Ci\u00eancia Viva do Lousal, decorrem anualmente e&hellip;","_links":{"self":[{"href":"https:\/\/www.aersp.pt\/portal\/wp-json\/wp\/v2\/posts\/9057","targetHints":{"allow":["GET"]}}],"collection":[{"href":"https:\/\/www.aersp.pt\/portal\/wp-json\/wp\/v2\/posts"}],"about":[{"href":"https:\/\/www.aersp.pt\/portal\/wp-json\/wp\/v2\/types\/post"}],"author":[{"embeddable":true,"href":"https:\/\/www.aersp.pt\/portal\/wp-json\/wp\/v2\/users\/1"}],"replies":[{"embeddable":true,"href":"https:\/\/www.aersp.pt\/portal\/wp-json\/wp\/v2\/comments?post=9057"}],"version-history":[{"count":1,"href":"https:\/\/www.aersp.pt\/portal\/wp-json\/wp\/v2\/posts\/9057\/revisions"}],"predecessor-version":[{"id":9059,"href":"https:\/\/www.aersp.pt\/portal\/wp-json\/wp\/v2\/posts\/9057\/revisions\/9059"}],"wp:featuredmedia":[{"embeddable":true,"href":"https:\/\/www.aersp.pt\/portal\/wp-json\/wp\/v2\/media\/9058"}],"wp:attachment":[{"href":"https:\/\/www.aersp.pt\/portal\/wp-json\/wp\/v2\/media?parent=9057"}],"wp:term":[{"taxonomy":"category","embeddable":true,"href":"https:\/\/www.aersp.pt\/portal\/wp-json\/wp\/v2\/categories?post=9057"},{"taxonomy":"post_tag","embeddable":true,"href":"https:\/\/www.aersp.pt\/portal\/wp-json\/wp\/v2\/tags?post=9057"}],"curies":[{"name":"wp","href":"https:\/\/api.w.org\/{rel}","templated":true}]}}