{"id":90,"date":"2017-12-15T11:45:27","date_gmt":"2017-12-15T11:45:27","guid":{"rendered":"http:\/\/www.aersp.pt\/portal\/?p=90"},"modified":"2025-03-26T12:38:38","modified_gmt":"2025-03-26T12:38:38","slug":"outros-diretores","status":"publish","type":"post","link":"https:\/\/www.aersp.pt\/portal\/2017\/12\/15\/outros-diretores\/","title":{"rendered":"Outros Diretores"},"content":{"rendered":"\n<p><strong>&nbsp; &nbsp; &nbsp; &nbsp; &nbsp; &nbsp; &nbsp; &nbsp; &nbsp; &nbsp; &nbsp; &nbsp; &nbsp; &nbsp; &nbsp; &nbsp; &nbsp; &nbsp; &nbsp; &nbsp; &nbsp; &nbsp; &nbsp; &nbsp; &nbsp; &nbsp;Dia do Patrono &#8211; 2021&nbsp;<\/strong><\/p>\n\n\n\n<p>\u00c9 a 7 de mar\u00e7o que se comemora o dia do nosso patrono, Ribeiro Sanches e sempre que este dia calha num fim de semana, no nosso plano anual de atividades&nbsp; transita para a sexta-feira anterior. Comemora-se, este ano, o trecent\u00e9simo (ou tricent\u00e9simo) vig\u00e9simo segundo ano do seu nascimento.<\/p>\n\n\n\n<p>O dia do Patrono \u00e9 um evento em que celebramos a nossa identidade e trata-se de um dia aberto \u00e0 comunidade, em que mostramos as nossas atividades e projetos, homenageamos os nossos alunos, os professores e o pessoal n\u00e3o docente. Todos os anos o programa \u00e9 vast\u00edssimo e diversificado. Infelizmente, este ano, apenas o podemos celebrar online. Iremos passar um pequeno filme\/retrospetiva de atividades dos \u00faltimos anos e alguns Podcast de &#8220;Poesia aos Pedacinhos&#8221; na R\u00e1dio Voz da Raia FM 87.7.<\/p>\n\n\n\n<p>Entendemos que uma escola, espa\u00e7o de liberdade e saber, muito precisa destes momentos e rituais de comemora\u00e7\u00e3o que ajudam a construir uma identidade, cimentam os sentimentos de perten\u00e7a, mostrando al\u00e9m disso a todos, dentro e fora da comunidade escolar, o que de melhor s\u00e3o capazes de fazer.<\/p>\n\n\n\n<p>Vamos recordar e partilhar convosco um pouco da vida e obra do nosso patrono.<\/p>\n\n\n\n<p>Nascido em Penamacor, faz parte do seu percurso acad\u00e9mico na Guarda. Ruma a Coimbra e acaba por se licenciar em medicina, na universidade de Salamanca, aqui bem perto, na nossa vizinha Espanha.<\/p>\n\n\n\n<p>Exerce medicina em Benavente mas, por motivos religiosos, ruma a Londres. A\u00ed continua os seus estudos e, passado algum tempo, vai para Leiden, na atual Holanda.<\/p>\n\n\n\n<p>Conhece o m\u00e9dico Boerhaave, com quem se aperfei\u00e7oa no exerc\u00edcio da medicina. Por indica\u00e7\u00e3o deste \u00e9 chamado \u00e0 corte russa. Na R\u00fassia exerce os mais diversos cargos, de onde se destaca o facto de ter sido o m\u00e9dico da coroa.<\/p>\n\n\n\n<p>J\u00e1 com 47 anos, regressa a Paris. Aqui \u00e9 convidado para participar na constru\u00e7\u00e3o da primeira enciclop\u00e9dia, coordenada por Diderot e D\u2019Alembert.<\/p>\n\n\n\n<p>Este vasto e riqu\u00edssimo percurso n\u00e3o o impediu, no entanto, de ter passado por dificuldades financeiras, valendo-lhe uma tensa que lhe foi atribu\u00edda pela corte russa.<\/p>\n\n\n\n<p>\u00c9 assim. Frequentemente os g\u00e9nios passam por dificuldades e n\u00e3o lhes prestam a aten\u00e7\u00e3o e reconhecimento devido. Ribeiro Sanches escreveu sobre as mais diversas tem\u00e1ticas, da agricultura ao ensino, da pol\u00edtica \u00e0 medicina. Sempre procurou o conhecimento, o saber mais e sobre o que o rodeava. No entanto, o conhecimento, hoje tal como ontem, parece n\u00e3o ser t\u00e3o valorizado socialmente como o deveria ser.<\/p>\n\n\n\n<p>Recorde-se que Ribeiro Sanches, apesar de se corresponder regularmente por interposta pessoa com o Marqu\u00eas de Pombal, este nunca o convidou a regressar ao seu pa\u00eds. No entanto, \u00e9 prov\u00e1vel que a reconstru\u00e7\u00e3o da baixa pombalina tenha ido beber algum dos seu reconhecido saber a uma das obras de Ribeiro Sanches, \u201cDos s\u00edtios mais sadios para fundar cidades\u201d, em que o nosso Patrono discursa sobre como se deve projetar um aglomerado populacional. A este prop\u00f3sito, o patologista Manuel Sobrinho Sim\u00f5es considera-o o pioneiro da sa\u00fade p\u00fablica, pois \u00e9 o primeiro a associar as condi\u00e7\u00f5es de salubridade \u00e0 sa\u00fade.<\/p>\n\n\n\n<p>Demasiado esquecido entre n\u00f3s, h\u00e1, no entanto, quem aprecie a sua obra e o considere um dos maiores vultos mundiais do s\u00e9culo XVIII. Nomes maiores do conhecimento assim o consideram. Mencionemos apenas alguns dos que j\u00e1 passaram pelo Agrupamento para partilhar a sua admira\u00e7\u00e3o por Ribeiro Sanches: Fernando Augusto Machado, da Universidade do Minho, Jos\u00e9 Rosa, da Universidade da Beira Interior, e Manuel Sobrinho Sim\u00f5es, do I3S, Instituto de Investiga\u00e7\u00e3o e Inova\u00e7\u00e3o em Sa\u00fade.<\/p>\n\n\n\n<p>Este \u00faltimo, que em 2015 foi considerado o patologista mais influente do mundo, considera-o a sua figura de refer\u00eancia. E o entusiamo com que o partilhou, no dia 6 de mar\u00e7o de 2020, \u00e9 disso prova cabal. As suas palavras foram inspiradoras e motivaram-nos mais ainda para o conhecimento da vida e obra do nosso Patrono.<\/p>\n\n\n\n<p>Por motivos sobejamente conhecidos, no presente ano n\u00e3o nos \u00e9 poss\u00edvel assinalar o Dia do Patrono da maneira que ele merece. Queremos, ainda assim, deixar a mensagem que se imp\u00f5e. No pr\u00f3ximo ano, as condi\u00e7\u00f5es h\u00e3o de permiti-lo, tentaremos estar \u00e0 altura da grandiosidade do nosso Patrono, assinalando a data do seu nascimento com a dignidade que lhe \u00e9 devida.<\/p>\n\n\n\n<p>At\u00e9 l\u00e1, possa o extraordin\u00e1rio percurso de Ribeiro Sanches e a sua incessante inquieta\u00e7\u00e3o do conhecimento servir de motiva\u00e7\u00e3o para toda a comunidade educativa. Assim sendo, o sucesso educativo est\u00e1 garantido.<\/p>\n\n\n\n<p class=\"has-text-align-center\"><strong>O Diretor<\/strong><\/p>\n\n\n\n<p class=\"has-text-align-center\"><strong>Ant\u00f3nio<\/strong> Jos\u00e9 Temudo <strong>Paralta<\/strong><\/p>\n\n\n\n<h2 class=\"wp-block-heading\">Tomada de Posse &#8211; Cerim\u00f3nia<\/h2>\n\n\n\n<figure class=\"wp-block-video aligncenter\"><video controls src=\"https:\/\/www.aersp.pt\/portal\/wp-content\/uploads\/2021\/06\/10000000_781610455836150_6168913661135098653_n.mp4\"><\/video><\/figure>\n\n\n\n<div style=\"height:100px\" aria-hidden=\"true\" class=\"wp-block-spacer\"><\/div>\n\n\n<\/p>\n\n\n<h2 class=\"wp-block-heading\">Tomada de Posse do Diretor<\/h2>\n\n\n\n<div class=\"wp-block-media-text alignwide is-stacked-on-mobile\"><figure class=\"wp-block-media-text__media\"><img fetchpriority=\"high\" decoding=\"async\" width=\"724\" height=\"1024\" src=\"https:\/\/www.aersp.pt\/portal\/wp-content\/uploads\/2021\/06\/0001-724x1024.jpg\" alt=\"\" class=\"wp-image-3129 size-full\" srcset=\"https:\/\/www.aersp.pt\/portal\/wp-content\/uploads\/2021\/06\/0001-724x1024.jpg 724w, https:\/\/www.aersp.pt\/portal\/wp-content\/uploads\/2021\/06\/0001-212x300.jpg 212w, https:\/\/www.aersp.pt\/portal\/wp-content\/uploads\/2021\/06\/0001-768x1086.jpg 768w, https:\/\/www.aersp.pt\/portal\/wp-content\/uploads\/2021\/06\/0001-1086x1536.jpg 1086w, https:\/\/www.aersp.pt\/portal\/wp-content\/uploads\/2021\/06\/0001-1448x2048.jpg 1448w, https:\/\/www.aersp.pt\/portal\/wp-content\/uploads\/2021\/06\/0001-scaled.jpg 1810w\" sizes=\"(max-width: 724px) 100vw, 724px\" \/><\/figure><div class=\"wp-block-media-text__content\">\n<p>Hoje, dia 14 de junho, \u00e0s 19:00h ser\u00e1 a tomada de posse dos novos \u00f3rg\u00e3os de dire\u00e7\u00e3o do agrupamento de escolas Ribeiro Sanches. A cerim\u00f3nia ser\u00e1 transmitida em direto na p\u00e1gina do Munic\u00edpio de Penamacor.<\/p>\n\n\n\n<p>Pode assistir em direto atrav\u00e9s da p\u00e1gina do Munic\u00edpio de Penamacor no facebook.<\/p>\n\n\n\n<p><a href=\"https:\/\/www.facebook.com\/municipiodepenamacor\">https:\/\/www.facebook.com\/municipiodepenamacor<\/a><\/p>\n<\/div><\/div>\n\n\n<\/p>\n<p>&nbsp; &nbsp; &nbsp; &nbsp; &nbsp; &nbsp;<\/p>\n<p>&nbsp;<\/p>\n<p><a href=\"https:\/\/www.aersp.pt\/portal\/wp-content\/uploads\/2017\/12\/dia-do-patrono_2021.png\"><img decoding=\"async\" class=\" wp-image-2707 aligncenter\" src=\"https:\/\/www.aersp.pt\/portal\/wp-content\/uploads\/2017\/12\/dia-do-patrono_2021-212x300.png\" alt=\"\" width=\"307\" height=\"435\" srcset=\"https:\/\/www.aersp.pt\/portal\/wp-content\/uploads\/2017\/12\/dia-do-patrono_2021-212x300.png 212w, https:\/\/www.aersp.pt\/portal\/wp-content\/uploads\/2017\/12\/dia-do-patrono_2021-724x1024.png 724w, https:\/\/www.aersp.pt\/portal\/wp-content\/uploads\/2017\/12\/dia-do-patrono_2021-768x1086.png 768w, https:\/\/www.aersp.pt\/portal\/wp-content\/uploads\/2017\/12\/dia-do-patrono_2021-1086x1536.png 1086w, https:\/\/www.aersp.pt\/portal\/wp-content\/uploads\/2017\/12\/dia-do-patrono_2021.png 1240w\" sizes=\"(max-width: 307px) 100vw, 307px\" \/><\/a><\/p>\n<p>&nbsp;<\/p>\n<p>&nbsp;<\/p>\n\n\n<div style=\"height:100px\" aria-hidden=\"true\" class=\"wp-block-spacer\"><\/div>\n","protected":false},"excerpt":{"rendered":"<p>&nbsp; &nbsp; &nbsp; &nbsp; &nbsp; &nbsp; &nbsp; &nbsp; &nbsp; &nbsp; &nbsp; &nbsp; &nbsp; &nbsp; &nbsp; &nbsp; &nbsp; &nbsp; &nbsp; &nbsp; &nbsp; &nbsp; &nbsp; &nbsp; &nbsp;&hellip;<\/p>\n","protected":false},"author":1,"featured_media":0,"comment_status":"closed","ping_status":"closed","sticky":false,"template":"","format":"standard","meta":{"_uag_custom_page_level_css":"","_themeisle_gutenberg_block_has_review":false,"footnotes":""},"categories":[1],"tags":[],"class_list":["post-90","post","type-post","status-publish","format-standard","hentry","category-geral"],"uagb_featured_image_src":{"full":false,"thumbnail":false,"medium":false,"medium_large":false,"large":false,"1536x1536":false,"2048x2048":false,"320w":false,"480w":false,"800w":false},"uagb_author_info":{"display_name":"admin","author_link":"https:\/\/www.aersp.pt\/portal\/author\/admin\/"},"uagb_comment_info":0,"uagb_excerpt":"&nbsp; &nbsp; &nbsp; &nbsp; &nbsp; &nbsp; &nbsp; &nbsp; &nbsp; &nbsp; &nbsp; &nbsp; &nbsp; &nbsp; &nbsp; &nbsp; &nbsp; &nbsp; &nbsp; &nbsp; &nbsp; &nbsp; &nbsp; &nbsp; &nbsp;&hellip;","_links":{"self":[{"href":"https:\/\/www.aersp.pt\/portal\/wp-json\/wp\/v2\/posts\/90","targetHints":{"allow":["GET"]}}],"collection":[{"href":"https:\/\/www.aersp.pt\/portal\/wp-json\/wp\/v2\/posts"}],"about":[{"href":"https:\/\/www.aersp.pt\/portal\/wp-json\/wp\/v2\/types\/post"}],"author":[{"embeddable":true,"href":"https:\/\/www.aersp.pt\/portal\/wp-json\/wp\/v2\/users\/1"}],"replies":[{"embeddable":true,"href":"https:\/\/www.aersp.pt\/portal\/wp-json\/wp\/v2\/comments?post=90"}],"version-history":[{"count":14,"href":"https:\/\/www.aersp.pt\/portal\/wp-json\/wp\/v2\/posts\/90\/revisions"}],"predecessor-version":[{"id":9016,"href":"https:\/\/www.aersp.pt\/portal\/wp-json\/wp\/v2\/posts\/90\/revisions\/9016"}],"wp:attachment":[{"href":"https:\/\/www.aersp.pt\/portal\/wp-json\/wp\/v2\/media?parent=90"}],"wp:term":[{"taxonomy":"category","embeddable":true,"href":"https:\/\/www.aersp.pt\/portal\/wp-json\/wp\/v2\/categories?post=90"},{"taxonomy":"post_tag","embeddable":true,"href":"https:\/\/www.aersp.pt\/portal\/wp-json\/wp\/v2\/tags?post=90"}],"curies":[{"name":"wp","href":"https:\/\/api.w.org\/{rel}","templated":true}]}}