{"id":8999,"date":"2025-03-26T10:43:53","date_gmt":"2025-03-26T10:43:53","guid":{"rendered":"https:\/\/www.aersp.pt\/portal\/?p=8999"},"modified":"2025-05-16T10:18:40","modified_gmt":"2025-05-16T10:18:40","slug":"podcasts-de-leituras","status":"publish","type":"post","link":"https:\/\/www.aersp.pt\/portal\/2025\/03\/26\/podcasts-de-leituras\/","title":{"rendered":"PODCAST\u00b4s DE LEITURAS"},"content":{"rendered":"\n<h2 class=\"wp-block-heading\"><strong>Travar a fundo at\u00e9 ao fim do mundo<\/strong><\/h2>\n\n\n\n<div class=\"wp-block-media-text is-stacked-on-mobile\" style=\"grid-template-columns:45% auto\"><figure class=\"wp-block-media-text__media\"><img fetchpriority=\"high\" decoding=\"async\" width=\"724\" height=\"1024\" src=\"https:\/\/www.aersp.pt\/portal\/wp-content\/uploads\/2025\/03\/Travar-a-Fundo-ate-ao-fim-do-Mundo_v.2-724x1024.png\" alt=\"\" class=\"wp-image-9000 size-full\" srcset=\"https:\/\/www.aersp.pt\/portal\/wp-content\/uploads\/2025\/03\/Travar-a-Fundo-ate-ao-fim-do-Mundo_v.2-724x1024.png 724w, https:\/\/www.aersp.pt\/portal\/wp-content\/uploads\/2025\/03\/Travar-a-Fundo-ate-ao-fim-do-Mundo_v.2-212x300.png 212w, https:\/\/www.aersp.pt\/portal\/wp-content\/uploads\/2025\/03\/Travar-a-Fundo-ate-ao-fim-do-Mundo_v.2-768x1086.png 768w, https:\/\/www.aersp.pt\/portal\/wp-content\/uploads\/2025\/03\/Travar-a-Fundo-ate-ao-fim-do-Mundo_v.2-1086x1536.png 1086w, https:\/\/www.aersp.pt\/portal\/wp-content\/uploads\/2025\/03\/Travar-a-Fundo-ate-ao-fim-do-Mundo_v.2-320x453.png 320w, https:\/\/www.aersp.pt\/portal\/wp-content\/uploads\/2025\/03\/Travar-a-Fundo-ate-ao-fim-do-Mundo_v.2-480x679.png 480w, https:\/\/www.aersp.pt\/portal\/wp-content\/uploads\/2025\/03\/Travar-a-Fundo-ate-ao-fim-do-Mundo_v.2-800x1132.png 800w, https:\/\/www.aersp.pt\/portal\/wp-content\/uploads\/2025\/03\/Travar-a-Fundo-ate-ao-fim-do-Mundo_v.2.png 1240w\" sizes=\"(max-width: 724px) 100vw, 724px\" \/><\/figure><div class=\"wp-block-media-text__content\">\n<p class=\"has-text-align-center\">Convocados pela miss\u00e3o do agrupamento de escolas,&nbsp;<strong><em>Forjar o Futuro com a Voz de Todos,<\/em><\/strong>&nbsp;a associa\u00e7\u00e3o de pais desenvolve este ano letivo a rubrica&nbsp;<strong>Travar a fundo at\u00e9 ao fim do mundo<\/strong>.<\/p>\n\n\n\n<p class=\"has-text-align-center\">Nesta rubrica convidamos alunos, pais e professores a associarem-se \u00e0 leitura de poemas e pequenos textos em prosa de autores portugueses&nbsp;e estrangeiros&nbsp;para, em conjunto, promovermos&nbsp; a leitura em voz alta e o gosto pela leitura em livro.<\/p>\n\n\n\n<p class=\"has-text-align-center\">Esta \u00e9 tamb\u00e9m uma rubrica que pretende promover a multiculturalidade em meio escolar, unindo diferentes manifesta\u00e7\u00f5es culturais, l\u00ednguas e credos como forma&nbsp;de promover a toler\u00e2ncia e o respeito pelo outro.<\/p>\n\n\n\n<p class=\"has-text-align-center\">A concretiza\u00e7\u00e3o desta atividade tem o apoio da Junta de Freguesia de Penamacor e, na execu\u00e7\u00e3o de meios tem a colabora\u00e7\u00e3o do departamento de l\u00ednguas e da Biblioteca escolar.<\/p>\n\n\n\n<p class=\"has-text-align-center\">Convidamos todos a ouvir&nbsp;e a participar!<\/p>\n\n\n\n<p><\/p>\n<\/div><\/div>\n\n\n\n<ol>\n<li>Mudam-se os tempos<\/li>\n<\/ol>\n\n\n\n<figure class=\"wp-block-audio\"><audio controls src=\"https:\/\/www.aersp.pt\/portal\/wp-content\/uploads\/2025\/03\/1.-Mudam-se-os-tempos_final.mp3\"><\/audio><\/figure>\n\n\n\n<p>2. Travar a fundo at\u00e9 ao fim do mundo<\/p>\n\n\n\n<figure class=\"wp-block-audio\"><audio controls src=\"https:\/\/www.aersp.pt\/portal\/wp-content\/uploads\/2025\/03\/2.-Travar-a-fundo-ate-ao-fim-do-mundo.mp3\"><\/audio><\/figure>\n\n\n\n<p>3. Descal\u00e7a vai para a fonte<\/p>\n\n\n\n<figure class=\"wp-block-audio\"><audio controls src=\"https:\/\/www.aersp.pt\/portal\/wp-content\/uploads\/2025\/03\/3.-Descalca-vai-para-a-fonte.mp3\"><\/audio><\/figure>\n\n\n\n<p>4. Textos da Liberdade<\/p>\n\n\n\n<figure class=\"wp-block-audio\"><audio controls src=\"https:\/\/www.aersp.pt\/portal\/wp-content\/uploads\/2025\/03\/4.-Textos-da-Liberdade.mp3\"><\/audio><\/figure>\n\n\n\n<p>5. Textos da Liberdade &#8211; 2<\/p>\n\n\n\n<figure class=\"wp-block-audio\"><audio controls src=\"https:\/\/www.aersp.pt\/portal\/wp-content\/uploads\/2025\/03\/5.-Textos-da-Liberdade-2.mp3\"><\/audio><\/figure>\n","protected":false},"excerpt":{"rendered":"<p>Travar a fundo at\u00e9 ao fim do mundo Convocados pela miss\u00e3o do agrupamento de escolas,&nbsp;Forjar o Futuro com a Voz de Todos,&nbsp;a associa\u00e7\u00e3o de pais&hellip;<\/p>\n","protected":false},"author":1,"featured_media":9000,"comment_status":"closed","ping_status":"closed","sticky":false,"template":"","format":"standard","meta":{"_uag_custom_page_level_css":"","_themeisle_gutenberg_block_has_review":false,"footnotes":""},"categories":[14],"tags":[],"class_list":["post-8999","post","type-post","status-publish","format-standard","has-post-thumbnail","hentry","category-associacao-de-pais-e-e-e"],"uagb_featured_image_src":{"full":["https:\/\/www.aersp.pt\/portal\/wp-content\/uploads\/2025\/03\/Travar-a-Fundo-ate-ao-fim-do-Mundo_v.2.png",1240,1754,false],"thumbnail":["https:\/\/www.aersp.pt\/portal\/wp-content\/uploads\/2025\/03\/Travar-a-Fundo-ate-ao-fim-do-Mundo_v.2-150x150.png",150,150,true],"medium":["https:\/\/www.aersp.pt\/portal\/wp-content\/uploads\/2025\/03\/Travar-a-Fundo-ate-ao-fim-do-Mundo_v.2-212x300.png",212,300,true],"medium_large":["https:\/\/www.aersp.pt\/portal\/wp-content\/uploads\/2025\/03\/Travar-a-Fundo-ate-ao-fim-do-Mundo_v.2-768x1086.png",768,1086,true],"large":["https:\/\/www.aersp.pt\/portal\/wp-content\/uploads\/2025\/03\/Travar-a-Fundo-ate-ao-fim-do-Mundo_v.2-724x1024.png",724,1024,true],"1536x1536":["https:\/\/www.aersp.pt\/portal\/wp-content\/uploads\/2025\/03\/Travar-a-Fundo-ate-ao-fim-do-Mundo_v.2-1086x1536.png",1086,1536,true],"2048x2048":["https:\/\/www.aersp.pt\/portal\/wp-content\/uploads\/2025\/03\/Travar-a-Fundo-ate-ao-fim-do-Mundo_v.2.png",1240,1754,false],"320w":["https:\/\/www.aersp.pt\/portal\/wp-content\/uploads\/2025\/03\/Travar-a-Fundo-ate-ao-fim-do-Mundo_v.2-320x453.png",320,453,true],"480w":["https:\/\/www.aersp.pt\/portal\/wp-content\/uploads\/2025\/03\/Travar-a-Fundo-ate-ao-fim-do-Mundo_v.2-480x679.png",480,679,true],"800w":["https:\/\/www.aersp.pt\/portal\/wp-content\/uploads\/2025\/03\/Travar-a-Fundo-ate-ao-fim-do-Mundo_v.2-800x1132.png",800,1132,true]},"uagb_author_info":{"display_name":"admin","author_link":"https:\/\/www.aersp.pt\/portal\/author\/admin\/"},"uagb_comment_info":0,"uagb_excerpt":"Travar a fundo at\u00e9 ao fim do mundo Convocados pela miss\u00e3o do agrupamento de escolas,&nbsp;Forjar o Futuro com a Voz de Todos,&nbsp;a associa\u00e7\u00e3o de pais&hellip;","_links":{"self":[{"href":"https:\/\/www.aersp.pt\/portal\/wp-json\/wp\/v2\/posts\/8999","targetHints":{"allow":["GET"]}}],"collection":[{"href":"https:\/\/www.aersp.pt\/portal\/wp-json\/wp\/v2\/posts"}],"about":[{"href":"https:\/\/www.aersp.pt\/portal\/wp-json\/wp\/v2\/types\/post"}],"author":[{"embeddable":true,"href":"https:\/\/www.aersp.pt\/portal\/wp-json\/wp\/v2\/users\/1"}],"replies":[{"embeddable":true,"href":"https:\/\/www.aersp.pt\/portal\/wp-json\/wp\/v2\/comments?post=8999"}],"version-history":[{"count":5,"href":"https:\/\/www.aersp.pt\/portal\/wp-json\/wp\/v2\/posts\/8999\/revisions"}],"predecessor-version":[{"id":9183,"href":"https:\/\/www.aersp.pt\/portal\/wp-json\/wp\/v2\/posts\/8999\/revisions\/9183"}],"wp:featuredmedia":[{"embeddable":true,"href":"https:\/\/www.aersp.pt\/portal\/wp-json\/wp\/v2\/media\/9000"}],"wp:attachment":[{"href":"https:\/\/www.aersp.pt\/portal\/wp-json\/wp\/v2\/media?parent=8999"}],"wp:term":[{"taxonomy":"category","embeddable":true,"href":"https:\/\/www.aersp.pt\/portal\/wp-json\/wp\/v2\/categories?post=8999"},{"taxonomy":"post_tag","embeddable":true,"href":"https:\/\/www.aersp.pt\/portal\/wp-json\/wp\/v2\/tags?post=8999"}],"curies":[{"name":"wp","href":"https:\/\/api.w.org\/{rel}","templated":true}]}}