{"id":8996,"date":"2025-03-25T16:11:36","date_gmt":"2025-03-25T16:11:36","guid":{"rendered":"https:\/\/www.aersp.pt\/portal\/?p=8996"},"modified":"2025-03-25T16:11:40","modified_gmt":"2025-03-25T16:11:40","slug":"calendario-matriculas-2025-2026","status":"publish","type":"post","link":"https:\/\/www.aersp.pt\/portal\/2025\/03\/25\/calendario-matriculas-2025-2026\/","title":{"rendered":"CALEND\u00c1RIO MATR\u00cdCULAS 2025\/2026"},"content":{"rendered":"\n<figure class=\"wp-block-image size-full\"><img decoding=\"async\" src=\"https:\/\/www.aersp.pt\/portal\/wp-content\/uploads\/2025\/03\/logo_PortalMatriculas_Blue-430f88.svg\" alt=\"\" class=\"wp-image-8997\"\/><\/figure>\n\n\n\n<p>a) Entre 22 de abril e 31 de maio, para a educa\u00e7\u00e3o pr\u00e9-escolar e para o 1.o ano do ensino b\u00e1sico;<br><br>b) Entre 16 de junho e 27 de junho, para os 6.o, 7.o, 8.o, 9.o e 11.o anos de escolaridade;<br><br>c) Entre 1 de julho e 11 de julho, para os 2.o, 3.o, 4.o e 5.o anos do ensino b\u00e1sico;<br><br>d) Entre 15 de julho e 22 de julho, para os 10.o e 12.o anos do ensino secund\u00e1rio.<\/p>\n\n\n\n<p class=\"has-text-align-center\"><a href=\"https:\/\/www.portaldasmatriculas.edu.gov.pt\/\"><strong>Clique Aqui<\/strong><\/a><\/p>\n\n\n\n<p><br><\/p>\n","protected":false},"excerpt":{"rendered":"<p>a) Entre 22 de abril e 31 de maio, para a educa\u00e7\u00e3o pr\u00e9-escolar e para o 1.o ano do ensino b\u00e1sico; b) Entre 16 de&hellip;<\/p>\n","protected":false},"author":1,"featured_media":8997,"comment_status":"closed","ping_status":"closed","sticky":false,"template":"","format":"standard","meta":{"_uag_custom_page_level_css":"","_themeisle_gutenberg_block_has_review":false,"footnotes":""},"categories":[1],"tags":[],"class_list":["post-8996","post","type-post","status-publish","format-standard","has-post-thumbnail","hentry","category-geral"],"uagb_featured_image_src":{"full":["https:\/\/www.aersp.pt\/portal\/wp-content\/uploads\/2025\/03\/logo_PortalMatriculas_Blue-430f88.svg",0,0,false],"thumbnail":["https:\/\/www.aersp.pt\/portal\/wp-content\/uploads\/2025\/03\/logo_PortalMatriculas_Blue-430f88.svg",1,1,false],"medium":["https:\/\/www.aersp.pt\/portal\/wp-content\/uploads\/2025\/03\/logo_PortalMatriculas_Blue-430f88.svg",1,1,false],"medium_large":["https:\/\/www.aersp.pt\/portal\/wp-content\/uploads\/2025\/03\/logo_PortalMatriculas_Blue-430f88.svg",1,1,false],"large":["https:\/\/www.aersp.pt\/portal\/wp-content\/uploads\/2025\/03\/logo_PortalMatriculas_Blue-430f88.svg",1,1,false],"1536x1536":["https:\/\/www.aersp.pt\/portal\/wp-content\/uploads\/2025\/03\/logo_PortalMatriculas_Blue-430f88.svg",1,1,false],"2048x2048":["https:\/\/www.aersp.pt\/portal\/wp-content\/uploads\/2025\/03\/logo_PortalMatriculas_Blue-430f88.svg",1,1,false],"320w":["https:\/\/www.aersp.pt\/portal\/wp-content\/uploads\/2025\/03\/logo_PortalMatriculas_Blue-430f88.svg",1,1,false],"480w":["https:\/\/www.aersp.pt\/portal\/wp-content\/uploads\/2025\/03\/logo_PortalMatriculas_Blue-430f88.svg",1,1,false],"800w":["https:\/\/www.aersp.pt\/portal\/wp-content\/uploads\/2025\/03\/logo_PortalMatriculas_Blue-430f88.svg",1,1,false]},"uagb_author_info":{"display_name":"admin","author_link":"https:\/\/www.aersp.pt\/portal\/author\/admin\/"},"uagb_comment_info":0,"uagb_excerpt":"a) Entre 22 de abril e 31 de maio, para a educa\u00e7\u00e3o pr\u00e9-escolar e para o 1.o ano do ensino b\u00e1sico; b) Entre 16 de&hellip;","_links":{"self":[{"href":"https:\/\/www.aersp.pt\/portal\/wp-json\/wp\/v2\/posts\/8996","targetHints":{"allow":["GET"]}}],"collection":[{"href":"https:\/\/www.aersp.pt\/portal\/wp-json\/wp\/v2\/posts"}],"about":[{"href":"https:\/\/www.aersp.pt\/portal\/wp-json\/wp\/v2\/types\/post"}],"author":[{"embeddable":true,"href":"https:\/\/www.aersp.pt\/portal\/wp-json\/wp\/v2\/users\/1"}],"replies":[{"embeddable":true,"href":"https:\/\/www.aersp.pt\/portal\/wp-json\/wp\/v2\/comments?post=8996"}],"version-history":[{"count":1,"href":"https:\/\/www.aersp.pt\/portal\/wp-json\/wp\/v2\/posts\/8996\/revisions"}],"predecessor-version":[{"id":8998,"href":"https:\/\/www.aersp.pt\/portal\/wp-json\/wp\/v2\/posts\/8996\/revisions\/8998"}],"wp:featuredmedia":[{"embeddable":true,"href":"https:\/\/www.aersp.pt\/portal\/wp-json\/wp\/v2\/media\/8997"}],"wp:attachment":[{"href":"https:\/\/www.aersp.pt\/portal\/wp-json\/wp\/v2\/media?parent=8996"}],"wp:term":[{"taxonomy":"category","embeddable":true,"href":"https:\/\/www.aersp.pt\/portal\/wp-json\/wp\/v2\/categories?post=8996"},{"taxonomy":"post_tag","embeddable":true,"href":"https:\/\/www.aersp.pt\/portal\/wp-json\/wp\/v2\/tags?post=8996"}],"curies":[{"name":"wp","href":"https:\/\/api.w.org\/{rel}","templated":true}]}}