{"id":8874,"date":"2025-02-11T12:04:34","date_gmt":"2025-02-11T12:04:34","guid":{"rendered":"https:\/\/www.aersp.pt\/portal\/?p=8874"},"modified":"2025-02-11T12:04:36","modified_gmt":"2025-02-11T12:04:36","slug":"janeiras-2025","status":"publish","type":"post","link":"https:\/\/www.aersp.pt\/portal\/2025\/02\/11\/janeiras-2025\/","title":{"rendered":"Janeiras (2025)"},"content":{"rendered":"<div class=\"wp-block-image\">\n<figure class=\"aligncenter size-large is-resized\"><img fetchpriority=\"high\" decoding=\"async\" width=\"727\" height=\"1024\" src=\"https:\/\/www.aersp.pt\/portal\/wp-content\/uploads\/2025\/02\/cartaz-janeiras-2025-727x1024.png\" alt=\"\" class=\"wp-image-8875\" style=\"width:369px;height:auto\" srcset=\"https:\/\/www.aersp.pt\/portal\/wp-content\/uploads\/2025\/02\/cartaz-janeiras-2025-727x1024.png 727w, https:\/\/www.aersp.pt\/portal\/wp-content\/uploads\/2025\/02\/cartaz-janeiras-2025-213x300.png 213w, https:\/\/www.aersp.pt\/portal\/wp-content\/uploads\/2025\/02\/cartaz-janeiras-2025-320x451.png 320w, https:\/\/www.aersp.pt\/portal\/wp-content\/uploads\/2025\/02\/cartaz-janeiras-2025-480x676.png 480w, https:\/\/www.aersp.pt\/portal\/wp-content\/uploads\/2025\/02\/cartaz-janeiras-2025.png 767w\" sizes=\"(max-width: 727px) 100vw, 727px\" \/><\/figure><\/div>\n\n\n<p>Ocorrem em janeiro, come\u00e7ando no dia 1 e estendendo-se at\u00e9 dia 6, Dia de Reis ou Epifania. Atualmente, muitos grupos (especialmente citadinos) prolongam o Cantar de Janeiras durante todo o m\u00eas.<br><br>A tradi\u00e7\u00e3o geral e mais acentuada, \u00e9 que grupos de amigos ou vizinhos se juntem, com ou sem instrumentos (no caso de os haver, s\u00e3o mais comuns os tradicionais Portugueses). Depois do grupo feito, e de distribu\u00eddas as letras e os instrumentos, v\u00e3o cantar de porta em porta pela vizinhan\u00e7a, desejando um bom ano novo.<br><br>No \u00e2mbito das disciplinas de CEA (Complemento \u00e0 Educa\u00e7\u00e3o Art\u00edstica \u2013 Educa\u00e7\u00e3o Musical, Educa\u00e7\u00e3o Tecnol\u00f3gica e Educa\u00e7\u00e3o Visual), os alunos do 9\u00baB, na escola Sede, cantaram as janeiras na comunidade escolar no dia 28 e o 6\u00baB cantaram as Janeiras pela Vila de Penamacor (C\u00e2mara Municipal, EB1 de Penamacor e Cuidados continuados &#8211; Lar D. B\u00e1rbara Tavares da Silva), no dia 30 de janeiro.<\/p>\n\n\n\n<figure class=\"wp-block-gallery has-nested-images columns-default is-cropped wp-block-gallery-1 is-layout-flex wp-block-gallery-is-layout-flex\">\n<figure class=\"wp-block-image size-large\"><a href=\"https:\/\/www.aersp.pt\/portal\/wp-content\/uploads\/2025\/02\/IMG_3622-scaled.jpg\"><img decoding=\"async\" width=\"1024\" height=\"768\" data-id=\"8876\" src=\"https:\/\/www.aersp.pt\/portal\/wp-content\/uploads\/2025\/02\/IMG_3622-1024x768.jpg\" alt=\"\" class=\"wp-image-8876\" srcset=\"https:\/\/www.aersp.pt\/portal\/wp-content\/uploads\/2025\/02\/IMG_3622-1024x768.jpg 1024w, https:\/\/www.aersp.pt\/portal\/wp-content\/uploads\/2025\/02\/IMG_3622-300x225.jpg 300w, https:\/\/www.aersp.pt\/portal\/wp-content\/uploads\/2025\/02\/IMG_3622-768x576.jpg 768w, https:\/\/www.aersp.pt\/portal\/wp-content\/uploads\/2025\/02\/IMG_3622-1536x1152.jpg 1536w, https:\/\/www.aersp.pt\/portal\/wp-content\/uploads\/2025\/02\/IMG_3622-2048x1536.jpg 2048w, https:\/\/www.aersp.pt\/portal\/wp-content\/uploads\/2025\/02\/IMG_3622-320x240.jpg 320w, https:\/\/www.aersp.pt\/portal\/wp-content\/uploads\/2025\/02\/IMG_3622-480x360.jpg 480w, https:\/\/www.aersp.pt\/portal\/wp-content\/uploads\/2025\/02\/IMG_3622-800x600.jpg 800w\" sizes=\"(max-width: 1024px) 100vw, 1024px\" \/><\/a><\/figure>\n\n\n\n<figure class=\"wp-block-image size-large\"><a href=\"https:\/\/www.aersp.pt\/portal\/wp-content\/uploads\/2025\/02\/IMG_3625-scaled.jpg\"><img decoding=\"async\" width=\"1024\" height=\"768\" data-id=\"8877\" src=\"https:\/\/www.aersp.pt\/portal\/wp-content\/uploads\/2025\/02\/IMG_3625-1024x768.jpg\" alt=\"\" class=\"wp-image-8877\" srcset=\"https:\/\/www.aersp.pt\/portal\/wp-content\/uploads\/2025\/02\/IMG_3625-1024x768.jpg 1024w, https:\/\/www.aersp.pt\/portal\/wp-content\/uploads\/2025\/02\/IMG_3625-300x225.jpg 300w, https:\/\/www.aersp.pt\/portal\/wp-content\/uploads\/2025\/02\/IMG_3625-768x576.jpg 768w, https:\/\/www.aersp.pt\/portal\/wp-content\/uploads\/2025\/02\/IMG_3625-1536x1152.jpg 1536w, https:\/\/www.aersp.pt\/portal\/wp-content\/uploads\/2025\/02\/IMG_3625-2048x1536.jpg 2048w, https:\/\/www.aersp.pt\/portal\/wp-content\/uploads\/2025\/02\/IMG_3625-320x240.jpg 320w, https:\/\/www.aersp.pt\/portal\/wp-content\/uploads\/2025\/02\/IMG_3625-480x360.jpg 480w, https:\/\/www.aersp.pt\/portal\/wp-content\/uploads\/2025\/02\/IMG_3625-800x600.jpg 800w\" sizes=\"(max-width: 1024px) 100vw, 1024px\" \/><\/a><\/figure>\n\n\n\n<figure class=\"wp-block-image size-large\"><a href=\"https:\/\/www.aersp.pt\/portal\/wp-content\/uploads\/2025\/02\/IMG_3631-scaled.jpg\"><img loading=\"lazy\" decoding=\"async\" width=\"1024\" height=\"768\" data-id=\"8878\" src=\"https:\/\/www.aersp.pt\/portal\/wp-content\/uploads\/2025\/02\/IMG_3631-1024x768.jpg\" alt=\"\" class=\"wp-image-8878\" srcset=\"https:\/\/www.aersp.pt\/portal\/wp-content\/uploads\/2025\/02\/IMG_3631-1024x768.jpg 1024w, https:\/\/www.aersp.pt\/portal\/wp-content\/uploads\/2025\/02\/IMG_3631-300x225.jpg 300w, https:\/\/www.aersp.pt\/portal\/wp-content\/uploads\/2025\/02\/IMG_3631-768x576.jpg 768w, https:\/\/www.aersp.pt\/portal\/wp-content\/uploads\/2025\/02\/IMG_3631-1536x1152.jpg 1536w, https:\/\/www.aersp.pt\/portal\/wp-content\/uploads\/2025\/02\/IMG_3631-2048x1536.jpg 2048w, https:\/\/www.aersp.pt\/portal\/wp-content\/uploads\/2025\/02\/IMG_3631-320x240.jpg 320w, https:\/\/www.aersp.pt\/portal\/wp-content\/uploads\/2025\/02\/IMG_3631-480x360.jpg 480w, https:\/\/www.aersp.pt\/portal\/wp-content\/uploads\/2025\/02\/IMG_3631-800x600.jpg 800w\" sizes=\"(max-width: 1024px) 100vw, 1024px\" \/><\/a><\/figure>\n\n\n\n<figure class=\"wp-block-image size-large\"><a href=\"https:\/\/www.aersp.pt\/portal\/wp-content\/uploads\/2025\/02\/IMG_3634-scaled.jpg\"><img loading=\"lazy\" decoding=\"async\" width=\"1024\" height=\"768\" data-id=\"8879\" src=\"https:\/\/www.aersp.pt\/portal\/wp-content\/uploads\/2025\/02\/IMG_3634-1024x768.jpg\" alt=\"\" class=\"wp-image-8879\" srcset=\"https:\/\/www.aersp.pt\/portal\/wp-content\/uploads\/2025\/02\/IMG_3634-1024x768.jpg 1024w, https:\/\/www.aersp.pt\/portal\/wp-content\/uploads\/2025\/02\/IMG_3634-300x225.jpg 300w, https:\/\/www.aersp.pt\/portal\/wp-content\/uploads\/2025\/02\/IMG_3634-768x576.jpg 768w, https:\/\/www.aersp.pt\/portal\/wp-content\/uploads\/2025\/02\/IMG_3634-1536x1152.jpg 1536w, https:\/\/www.aersp.pt\/portal\/wp-content\/uploads\/2025\/02\/IMG_3634-2048x1536.jpg 2048w, https:\/\/www.aersp.pt\/portal\/wp-content\/uploads\/2025\/02\/IMG_3634-320x240.jpg 320w, https:\/\/www.aersp.pt\/portal\/wp-content\/uploads\/2025\/02\/IMG_3634-480x360.jpg 480w, https:\/\/www.aersp.pt\/portal\/wp-content\/uploads\/2025\/02\/IMG_3634-800x600.jpg 800w\" sizes=\"(max-width: 1024px) 100vw, 1024px\" \/><\/a><\/figure>\n\n\n\n<figure class=\"wp-block-image size-large\"><a href=\"https:\/\/www.aersp.pt\/portal\/wp-content\/uploads\/2025\/02\/IMG_3636-scaled.jpg\"><img loading=\"lazy\" decoding=\"async\" width=\"768\" height=\"1024\" data-id=\"8880\" src=\"https:\/\/www.aersp.pt\/portal\/wp-content\/uploads\/2025\/02\/IMG_3636-768x1024.jpg\" alt=\"\" class=\"wp-image-8880\" srcset=\"https:\/\/www.aersp.pt\/portal\/wp-content\/uploads\/2025\/02\/IMG_3636-768x1024.jpg 768w, https:\/\/www.aersp.pt\/portal\/wp-content\/uploads\/2025\/02\/IMG_3636-225x300.jpg 225w, https:\/\/www.aersp.pt\/portal\/wp-content\/uploads\/2025\/02\/IMG_3636-1152x1536.jpg 1152w, https:\/\/www.aersp.pt\/portal\/wp-content\/uploads\/2025\/02\/IMG_3636-1536x2048.jpg 1536w, https:\/\/www.aersp.pt\/portal\/wp-content\/uploads\/2025\/02\/IMG_3636-320x427.jpg 320w, https:\/\/www.aersp.pt\/portal\/wp-content\/uploads\/2025\/02\/IMG_3636-480x640.jpg 480w, https:\/\/www.aersp.pt\/portal\/wp-content\/uploads\/2025\/02\/IMG_3636-800x1067.jpg 800w, https:\/\/www.aersp.pt\/portal\/wp-content\/uploads\/2025\/02\/IMG_3636-scaled.jpg 1920w\" sizes=\"(max-width: 768px) 100vw, 768px\" \/><\/a><\/figure>\n\n\n\n<figure class=\"wp-block-image size-large\"><a href=\"https:\/\/www.aersp.pt\/portal\/wp-content\/uploads\/2025\/02\/IMG_3645-scaled.jpg\"><img loading=\"lazy\" decoding=\"async\" width=\"1024\" height=\"768\" data-id=\"8881\" src=\"https:\/\/www.aersp.pt\/portal\/wp-content\/uploads\/2025\/02\/IMG_3645-1024x768.jpg\" alt=\"\" class=\"wp-image-8881\" srcset=\"https:\/\/www.aersp.pt\/portal\/wp-content\/uploads\/2025\/02\/IMG_3645-1024x768.jpg 1024w, https:\/\/www.aersp.pt\/portal\/wp-content\/uploads\/2025\/02\/IMG_3645-300x225.jpg 300w, https:\/\/www.aersp.pt\/portal\/wp-content\/uploads\/2025\/02\/IMG_3645-768x576.jpg 768w, https:\/\/www.aersp.pt\/portal\/wp-content\/uploads\/2025\/02\/IMG_3645-1536x1152.jpg 1536w, https:\/\/www.aersp.pt\/portal\/wp-content\/uploads\/2025\/02\/IMG_3645-2048x1536.jpg 2048w, https:\/\/www.aersp.pt\/portal\/wp-content\/uploads\/2025\/02\/IMG_3645-320x240.jpg 320w, https:\/\/www.aersp.pt\/portal\/wp-content\/uploads\/2025\/02\/IMG_3645-480x360.jpg 480w, https:\/\/www.aersp.pt\/portal\/wp-content\/uploads\/2025\/02\/IMG_3645-800x600.jpg 800w\" sizes=\"(max-width: 1024px) 100vw, 1024px\" \/><\/a><\/figure>\n\n\n\n<figure class=\"wp-block-image size-large\"><a href=\"https:\/\/www.aersp.pt\/portal\/wp-content\/uploads\/2025\/02\/IMG_3649-scaled.jpg\"><img loading=\"lazy\" decoding=\"async\" width=\"1024\" height=\"768\" data-id=\"8882\" src=\"https:\/\/www.aersp.pt\/portal\/wp-content\/uploads\/2025\/02\/IMG_3649-1024x768.jpg\" alt=\"\" class=\"wp-image-8882\" srcset=\"https:\/\/www.aersp.pt\/portal\/wp-content\/uploads\/2025\/02\/IMG_3649-1024x768.jpg 1024w, https:\/\/www.aersp.pt\/portal\/wp-content\/uploads\/2025\/02\/IMG_3649-300x225.jpg 300w, https:\/\/www.aersp.pt\/portal\/wp-content\/uploads\/2025\/02\/IMG_3649-768x576.jpg 768w, https:\/\/www.aersp.pt\/portal\/wp-content\/uploads\/2025\/02\/IMG_3649-1536x1152.jpg 1536w, https:\/\/www.aersp.pt\/portal\/wp-content\/uploads\/2025\/02\/IMG_3649-2048x1536.jpg 2048w, https:\/\/www.aersp.pt\/portal\/wp-content\/uploads\/2025\/02\/IMG_3649-320x240.jpg 320w, https:\/\/www.aersp.pt\/portal\/wp-content\/uploads\/2025\/02\/IMG_3649-480x360.jpg 480w, https:\/\/www.aersp.pt\/portal\/wp-content\/uploads\/2025\/02\/IMG_3649-800x600.jpg 800w\" sizes=\"(max-width: 1024px) 100vw, 1024px\" \/><\/a><\/figure>\n\n\n\n<figure class=\"wp-block-image size-large\"><a href=\"https:\/\/www.aersp.pt\/portal\/wp-content\/uploads\/2025\/02\/IMG_3654-scaled.jpg\"><img loading=\"lazy\" decoding=\"async\" width=\"1024\" height=\"768\" data-id=\"8883\" src=\"https:\/\/www.aersp.pt\/portal\/wp-content\/uploads\/2025\/02\/IMG_3654-1024x768.jpg\" alt=\"\" class=\"wp-image-8883\" srcset=\"https:\/\/www.aersp.pt\/portal\/wp-content\/uploads\/2025\/02\/IMG_3654-1024x768.jpg 1024w, https:\/\/www.aersp.pt\/portal\/wp-content\/uploads\/2025\/02\/IMG_3654-300x225.jpg 300w, https:\/\/www.aersp.pt\/portal\/wp-content\/uploads\/2025\/02\/IMG_3654-768x576.jpg 768w, https:\/\/www.aersp.pt\/portal\/wp-content\/uploads\/2025\/02\/IMG_3654-1536x1152.jpg 1536w, https:\/\/www.aersp.pt\/portal\/wp-content\/uploads\/2025\/02\/IMG_3654-2048x1536.jpg 2048w, https:\/\/www.aersp.pt\/portal\/wp-content\/uploads\/2025\/02\/IMG_3654-320x240.jpg 320w, https:\/\/www.aersp.pt\/portal\/wp-content\/uploads\/2025\/02\/IMG_3654-480x360.jpg 480w, https:\/\/www.aersp.pt\/portal\/wp-content\/uploads\/2025\/02\/IMG_3654-800x600.jpg 800w\" sizes=\"(max-width: 1024px) 100vw, 1024px\" \/><\/a><\/figure>\n\n\n\n<figure class=\"wp-block-image size-large\"><a href=\"https:\/\/www.aersp.pt\/portal\/wp-content\/uploads\/2025\/02\/IMG_3656-scaled.jpg\"><img loading=\"lazy\" decoding=\"async\" width=\"1024\" height=\"768\" data-id=\"8884\" src=\"https:\/\/www.aersp.pt\/portal\/wp-content\/uploads\/2025\/02\/IMG_3656-1024x768.jpg\" alt=\"\" class=\"wp-image-8884\" srcset=\"https:\/\/www.aersp.pt\/portal\/wp-content\/uploads\/2025\/02\/IMG_3656-1024x768.jpg 1024w, https:\/\/www.aersp.pt\/portal\/wp-content\/uploads\/2025\/02\/IMG_3656-300x225.jpg 300w, https:\/\/www.aersp.pt\/portal\/wp-content\/uploads\/2025\/02\/IMG_3656-768x576.jpg 768w, https:\/\/www.aersp.pt\/portal\/wp-content\/uploads\/2025\/02\/IMG_3656-1536x1152.jpg 1536w, https:\/\/www.aersp.pt\/portal\/wp-content\/uploads\/2025\/02\/IMG_3656-2048x1536.jpg 2048w, https:\/\/www.aersp.pt\/portal\/wp-content\/uploads\/2025\/02\/IMG_3656-320x240.jpg 320w, https:\/\/www.aersp.pt\/portal\/wp-content\/uploads\/2025\/02\/IMG_3656-480x360.jpg 480w, https:\/\/www.aersp.pt\/portal\/wp-content\/uploads\/2025\/02\/IMG_3656-800x600.jpg 800w\" sizes=\"(max-width: 1024px) 100vw, 1024px\" \/><\/a><\/figure>\n\n\n\n<figure class=\"wp-block-image size-large\"><a href=\"https:\/\/www.aersp.pt\/portal\/wp-content\/uploads\/2025\/02\/IMG_3663-scaled.jpg\"><img loading=\"lazy\" decoding=\"async\" width=\"768\" height=\"1024\" data-id=\"8885\" src=\"https:\/\/www.aersp.pt\/portal\/wp-content\/uploads\/2025\/02\/IMG_3663-768x1024.jpg\" alt=\"\" class=\"wp-image-8885\" srcset=\"https:\/\/www.aersp.pt\/portal\/wp-content\/uploads\/2025\/02\/IMG_3663-768x1024.jpg 768w, https:\/\/www.aersp.pt\/portal\/wp-content\/uploads\/2025\/02\/IMG_3663-225x300.jpg 225w, https:\/\/www.aersp.pt\/portal\/wp-content\/uploads\/2025\/02\/IMG_3663-1152x1536.jpg 1152w, https:\/\/www.aersp.pt\/portal\/wp-content\/uploads\/2025\/02\/IMG_3663-1536x2048.jpg 1536w, https:\/\/www.aersp.pt\/portal\/wp-content\/uploads\/2025\/02\/IMG_3663-320x427.jpg 320w, https:\/\/www.aersp.pt\/portal\/wp-content\/uploads\/2025\/02\/IMG_3663-480x640.jpg 480w, https:\/\/www.aersp.pt\/portal\/wp-content\/uploads\/2025\/02\/IMG_3663-800x1067.jpg 800w, https:\/\/www.aersp.pt\/portal\/wp-content\/uploads\/2025\/02\/IMG_3663-scaled.jpg 1920w\" sizes=\"(max-width: 768px) 100vw, 768px\" \/><\/a><\/figure>\n\n\n\n<figure class=\"wp-block-image size-large\"><a href=\"https:\/\/www.aersp.pt\/portal\/wp-content\/uploads\/2025\/02\/PHOTO-2025-02-10-10-17-26-1.jpg\"><img loading=\"lazy\" decoding=\"async\" width=\"1024\" height=\"1024\" data-id=\"8886\" src=\"https:\/\/www.aersp.pt\/portal\/wp-content\/uploads\/2025\/02\/PHOTO-2025-02-10-10-17-26-1-1024x1024.jpg\" alt=\"\" class=\"wp-image-8886\" srcset=\"https:\/\/www.aersp.pt\/portal\/wp-content\/uploads\/2025\/02\/PHOTO-2025-02-10-10-17-26-1-1024x1024.jpg 1024w, https:\/\/www.aersp.pt\/portal\/wp-content\/uploads\/2025\/02\/PHOTO-2025-02-10-10-17-26-1-300x300.jpg 300w, https:\/\/www.aersp.pt\/portal\/wp-content\/uploads\/2025\/02\/PHOTO-2025-02-10-10-17-26-1-150x150.jpg 150w, https:\/\/www.aersp.pt\/portal\/wp-content\/uploads\/2025\/02\/PHOTO-2025-02-10-10-17-26-1-768x768.jpg 768w, https:\/\/www.aersp.pt\/portal\/wp-content\/uploads\/2025\/02\/PHOTO-2025-02-10-10-17-26-1-1536x1536.jpg 1536w, https:\/\/www.aersp.pt\/portal\/wp-content\/uploads\/2025\/02\/PHOTO-2025-02-10-10-17-26-1-320x320.jpg 320w, https:\/\/www.aersp.pt\/portal\/wp-content\/uploads\/2025\/02\/PHOTO-2025-02-10-10-17-26-1-480x480.jpg 480w, https:\/\/www.aersp.pt\/portal\/wp-content\/uploads\/2025\/02\/PHOTO-2025-02-10-10-17-26-1-800x800.jpg 800w, https:\/\/www.aersp.pt\/portal\/wp-content\/uploads\/2025\/02\/PHOTO-2025-02-10-10-17-26-1.jpg 2048w\" sizes=\"(max-width: 1024px) 100vw, 1024px\" \/><\/a><\/figure>\n\n\n\n<figure class=\"wp-block-image size-large\"><a href=\"https:\/\/www.aersp.pt\/portal\/wp-content\/uploads\/2025\/02\/PHOTO-2025-02-10-10-17-26.jpg\"><img loading=\"lazy\" decoding=\"async\" width=\"1024\" height=\"1024\" data-id=\"8887\" src=\"https:\/\/www.aersp.pt\/portal\/wp-content\/uploads\/2025\/02\/PHOTO-2025-02-10-10-17-26-1024x1024.jpg\" alt=\"\" class=\"wp-image-8887\" srcset=\"https:\/\/www.aersp.pt\/portal\/wp-content\/uploads\/2025\/02\/PHOTO-2025-02-10-10-17-26-1024x1024.jpg 1024w, https:\/\/www.aersp.pt\/portal\/wp-content\/uploads\/2025\/02\/PHOTO-2025-02-10-10-17-26-300x300.jpg 300w, https:\/\/www.aersp.pt\/portal\/wp-content\/uploads\/2025\/02\/PHOTO-2025-02-10-10-17-26-150x150.jpg 150w, https:\/\/www.aersp.pt\/portal\/wp-content\/uploads\/2025\/02\/PHOTO-2025-02-10-10-17-26-768x768.jpg 768w, https:\/\/www.aersp.pt\/portal\/wp-content\/uploads\/2025\/02\/PHOTO-2025-02-10-10-17-26-1536x1536.jpg 1536w, https:\/\/www.aersp.pt\/portal\/wp-content\/uploads\/2025\/02\/PHOTO-2025-02-10-10-17-26-320x320.jpg 320w, https:\/\/www.aersp.pt\/portal\/wp-content\/uploads\/2025\/02\/PHOTO-2025-02-10-10-17-26-480x480.jpg 480w, https:\/\/www.aersp.pt\/portal\/wp-content\/uploads\/2025\/02\/PHOTO-2025-02-10-10-17-26-800x800.jpg 800w, https:\/\/www.aersp.pt\/portal\/wp-content\/uploads\/2025\/02\/PHOTO-2025-02-10-10-17-26.jpg 2048w\" sizes=\"(max-width: 1024px) 100vw, 1024px\" \/><\/a><\/figure>\n<\/figure>\n","protected":false},"excerpt":{"rendered":"<p>Ocorrem em janeiro, come\u00e7ando no dia 1 e estendendo-se at\u00e9 dia 6, Dia de Reis ou Epifania. Atualmente, muitos grupos (especialmente citadinos) prolongam o Cantar&hellip;<\/p>\n","protected":false},"author":1,"featured_media":8875,"comment_status":"closed","ping_status":"closed","sticky":false,"template":"","format":"standard","meta":{"_uag_custom_page_level_css":"","_themeisle_gutenberg_block_has_review":false,"footnotes":""},"categories":[1],"tags":[],"class_list":["post-8874","post","type-post","status-publish","format-standard","has-post-thumbnail","hentry","category-geral"],"uagb_featured_image_src":{"full":["https:\/\/www.aersp.pt\/portal\/wp-content\/uploads\/2025\/02\/cartaz-janeiras-2025.png",767,1080,false],"thumbnail":["https:\/\/www.aersp.pt\/portal\/wp-content\/uploads\/2025\/02\/cartaz-janeiras-2025-150x150.png",150,150,true],"medium":["https:\/\/www.aersp.pt\/portal\/wp-content\/uploads\/2025\/02\/cartaz-janeiras-2025-213x300.png",213,300,true],"medium_large":["https:\/\/www.aersp.pt\/portal\/wp-content\/uploads\/2025\/02\/cartaz-janeiras-2025.png",767,1080,false],"large":["https:\/\/www.aersp.pt\/portal\/wp-content\/uploads\/2025\/02\/cartaz-janeiras-2025-727x1024.png",727,1024,true],"1536x1536":["https:\/\/www.aersp.pt\/portal\/wp-content\/uploads\/2025\/02\/cartaz-janeiras-2025.png",767,1080,false],"2048x2048":["https:\/\/www.aersp.pt\/portal\/wp-content\/uploads\/2025\/02\/cartaz-janeiras-2025.png",767,1080,false],"320w":["https:\/\/www.aersp.pt\/portal\/wp-content\/uploads\/2025\/02\/cartaz-janeiras-2025-320x451.png",320,451,true],"480w":["https:\/\/www.aersp.pt\/portal\/wp-content\/uploads\/2025\/02\/cartaz-janeiras-2025-480x676.png",480,676,true],"800w":["https:\/\/www.aersp.pt\/portal\/wp-content\/uploads\/2025\/02\/cartaz-janeiras-2025.png",767,1080,false]},"uagb_author_info":{"display_name":"admin","author_link":"https:\/\/www.aersp.pt\/portal\/author\/admin\/"},"uagb_comment_info":0,"uagb_excerpt":"Ocorrem em janeiro, come\u00e7ando no dia 1 e estendendo-se at\u00e9 dia 6, Dia de Reis ou Epifania. Atualmente, muitos grupos (especialmente citadinos) prolongam o Cantar&hellip;","_links":{"self":[{"href":"https:\/\/www.aersp.pt\/portal\/wp-json\/wp\/v2\/posts\/8874","targetHints":{"allow":["GET"]}}],"collection":[{"href":"https:\/\/www.aersp.pt\/portal\/wp-json\/wp\/v2\/posts"}],"about":[{"href":"https:\/\/www.aersp.pt\/portal\/wp-json\/wp\/v2\/types\/post"}],"author":[{"embeddable":true,"href":"https:\/\/www.aersp.pt\/portal\/wp-json\/wp\/v2\/users\/1"}],"replies":[{"embeddable":true,"href":"https:\/\/www.aersp.pt\/portal\/wp-json\/wp\/v2\/comments?post=8874"}],"version-history":[{"count":1,"href":"https:\/\/www.aersp.pt\/portal\/wp-json\/wp\/v2\/posts\/8874\/revisions"}],"predecessor-version":[{"id":8888,"href":"https:\/\/www.aersp.pt\/portal\/wp-json\/wp\/v2\/posts\/8874\/revisions\/8888"}],"wp:featuredmedia":[{"embeddable":true,"href":"https:\/\/www.aersp.pt\/portal\/wp-json\/wp\/v2\/media\/8875"}],"wp:attachment":[{"href":"https:\/\/www.aersp.pt\/portal\/wp-json\/wp\/v2\/media?parent=8874"}],"wp:term":[{"taxonomy":"category","embeddable":true,"href":"https:\/\/www.aersp.pt\/portal\/wp-json\/wp\/v2\/categories?post=8874"},{"taxonomy":"post_tag","embeddable":true,"href":"https:\/\/www.aersp.pt\/portal\/wp-json\/wp\/v2\/tags?post=8874"}],"curies":[{"name":"wp","href":"https:\/\/api.w.org\/{rel}","templated":true}]}}