{"id":8813,"date":"2025-01-28T12:23:16","date_gmt":"2025-01-28T12:23:16","guid":{"rendered":"https:\/\/www.aersp.pt\/portal\/?p=8813"},"modified":"2025-02-05T16:33:47","modified_gmt":"2025-02-05T16:33:47","slug":"dia-internacional-em-memoria-das-vitimas-do-holocausto","status":"publish","type":"post","link":"https:\/\/www.aersp.pt\/portal\/2025\/01\/28\/dia-internacional-em-memoria-das-vitimas-do-holocausto\/","title":{"rendered":"Dia Internacional em Mem\u00f3ria das V\u00edtimas do Holocausto"},"content":{"rendered":"\n<p>Hoje \u00e9 assinalado o Dia Internacional em Mem\u00f3ria das V\u00edtimas do Holocausto e os 80 anos da liberta\u00e7\u00e3o do campo de concentra\u00e7\u00e3o e exterm\u00ednio de Auschwitz- Birkenau, onde centenas de milhares de pessoas perderam a vida no \u00e2mbito da \u201csolu\u00e7\u00e3o final\u201d, arquitectada pelos nazis para eliminar judeus, prisioneiros pol\u00edticos, pessoas com defici\u00eancia, ciganos, homossexuais e outros grupos perseguidos.<\/p>\n\n\n\n<p>Neste dia s\u00e3o lembradas as v\u00edtimas do Holocausto, as atrocidades vividas num tempo e num espa\u00e7o de desumanidade, mas \u00e9 tamb\u00e9m um momento de reflex\u00e3o, de alerta para o que pode acontecer quando o \u00f3dio cresce, quando esquecemos que os humanos s\u00e3o todos iguais na sua busca da felicidade.<\/p>\n\n\n\n<p>Segundo a DGE, \u201cComemorar este dia \u00e9 muito mais do que recordar os eventos do passado. O Dia Internacional em Mem\u00f3ria das V\u00edtimas do Holocausto \u00e9 uma oportunidade para educar as gera\u00e7\u00f5es atuais sobre os perigos da discrimina\u00e7\u00e3o e do \u00f3dio e para refor\u00e7ar os valores de dignidade humana, igualdade e respeito pelos direitos humanos.\u201d<\/p>\n\n\n\n<p>Lembrar para jamais esquecer \u00e9 o mote para que este dia seja assinalado no AERS, para que alunos e professores possam contribuir para um mundo em que a diferen\u00e7a seja aceite e o \u00f3dio n\u00e3o tenha lugar.<\/p>\n\n\n\n<figure class=\"wp-block-gallery has-nested-images columns-default is-cropped wp-block-gallery-1 is-layout-flex wp-block-gallery-is-layout-flex\">\n<figure class=\"wp-block-image size-large\"><img fetchpriority=\"high\" decoding=\"async\" width=\"768\" height=\"1024\" data-id=\"8814\" src=\"https:\/\/www.aersp.pt\/portal\/wp-content\/uploads\/2025\/01\/6a2c0fec-ca9c-4cce-81e2-9173028dc52b-768x1024.jpg\" alt=\"\" class=\"wp-image-8814\" srcset=\"https:\/\/www.aersp.pt\/portal\/wp-content\/uploads\/2025\/01\/6a2c0fec-ca9c-4cce-81e2-9173028dc52b-768x1024.jpg 768w, https:\/\/www.aersp.pt\/portal\/wp-content\/uploads\/2025\/01\/6a2c0fec-ca9c-4cce-81e2-9173028dc52b-225x300.jpg 225w, https:\/\/www.aersp.pt\/portal\/wp-content\/uploads\/2025\/01\/6a2c0fec-ca9c-4cce-81e2-9173028dc52b-1152x1536.jpg 1152w, https:\/\/www.aersp.pt\/portal\/wp-content\/uploads\/2025\/01\/6a2c0fec-ca9c-4cce-81e2-9173028dc52b-320x427.jpg 320w, https:\/\/www.aersp.pt\/portal\/wp-content\/uploads\/2025\/01\/6a2c0fec-ca9c-4cce-81e2-9173028dc52b-480x640.jpg 480w, https:\/\/www.aersp.pt\/portal\/wp-content\/uploads\/2025\/01\/6a2c0fec-ca9c-4cce-81e2-9173028dc52b-800x1067.jpg 800w, https:\/\/www.aersp.pt\/portal\/wp-content\/uploads\/2025\/01\/6a2c0fec-ca9c-4cce-81e2-9173028dc52b.jpg 1536w\" sizes=\"(max-width: 768px) 100vw, 768px\" \/><\/figure>\n\n\n\n<figure class=\"wp-block-image size-large\"><img decoding=\"async\" width=\"1024\" height=\"768\" data-id=\"8815\" src=\"https:\/\/www.aersp.pt\/portal\/wp-content\/uploads\/2025\/01\/1eb31050-3b05-43dd-98bd-2881cc33e13f-1024x768.jpg\" alt=\"\" class=\"wp-image-8815\" srcset=\"https:\/\/www.aersp.pt\/portal\/wp-content\/uploads\/2025\/01\/1eb31050-3b05-43dd-98bd-2881cc33e13f-1024x768.jpg 1024w, https:\/\/www.aersp.pt\/portal\/wp-content\/uploads\/2025\/01\/1eb31050-3b05-43dd-98bd-2881cc33e13f-300x225.jpg 300w, https:\/\/www.aersp.pt\/portal\/wp-content\/uploads\/2025\/01\/1eb31050-3b05-43dd-98bd-2881cc33e13f-768x576.jpg 768w, https:\/\/www.aersp.pt\/portal\/wp-content\/uploads\/2025\/01\/1eb31050-3b05-43dd-98bd-2881cc33e13f-1536x1152.jpg 1536w, https:\/\/www.aersp.pt\/portal\/wp-content\/uploads\/2025\/01\/1eb31050-3b05-43dd-98bd-2881cc33e13f-320x240.jpg 320w, https:\/\/www.aersp.pt\/portal\/wp-content\/uploads\/2025\/01\/1eb31050-3b05-43dd-98bd-2881cc33e13f-480x360.jpg 480w, https:\/\/www.aersp.pt\/portal\/wp-content\/uploads\/2025\/01\/1eb31050-3b05-43dd-98bd-2881cc33e13f-800x600.jpg 800w, https:\/\/www.aersp.pt\/portal\/wp-content\/uploads\/2025\/01\/1eb31050-3b05-43dd-98bd-2881cc33e13f.jpg 2048w\" sizes=\"(max-width: 1024px) 100vw, 1024px\" \/><\/figure>\n\n\n\n<figure class=\"wp-block-image size-large\"><img decoding=\"async\" width=\"1024\" height=\"768\" data-id=\"8816\" src=\"https:\/\/www.aersp.pt\/portal\/wp-content\/uploads\/2025\/01\/e413a69e-24a5-45ef-a530-8dac7ade6a7e-1024x768.jpg\" alt=\"\" class=\"wp-image-8816\" srcset=\"https:\/\/www.aersp.pt\/portal\/wp-content\/uploads\/2025\/01\/e413a69e-24a5-45ef-a530-8dac7ade6a7e-1024x768.jpg 1024w, https:\/\/www.aersp.pt\/portal\/wp-content\/uploads\/2025\/01\/e413a69e-24a5-45ef-a530-8dac7ade6a7e-300x225.jpg 300w, https:\/\/www.aersp.pt\/portal\/wp-content\/uploads\/2025\/01\/e413a69e-24a5-45ef-a530-8dac7ade6a7e-768x576.jpg 768w, https:\/\/www.aersp.pt\/portal\/wp-content\/uploads\/2025\/01\/e413a69e-24a5-45ef-a530-8dac7ade6a7e-1536x1152.jpg 1536w, https:\/\/www.aersp.pt\/portal\/wp-content\/uploads\/2025\/01\/e413a69e-24a5-45ef-a530-8dac7ade6a7e-320x240.jpg 320w, https:\/\/www.aersp.pt\/portal\/wp-content\/uploads\/2025\/01\/e413a69e-24a5-45ef-a530-8dac7ade6a7e-480x360.jpg 480w, https:\/\/www.aersp.pt\/portal\/wp-content\/uploads\/2025\/01\/e413a69e-24a5-45ef-a530-8dac7ade6a7e-800x600.jpg 800w, https:\/\/www.aersp.pt\/portal\/wp-content\/uploads\/2025\/01\/e413a69e-24a5-45ef-a530-8dac7ade6a7e.jpg 2048w\" sizes=\"(max-width: 1024px) 100vw, 1024px\" \/><\/figure>\n\n\n\n<figure class=\"wp-block-image size-large\"><img loading=\"lazy\" decoding=\"async\" width=\"1024\" height=\"768\" data-id=\"8817\" src=\"https:\/\/www.aersp.pt\/portal\/wp-content\/uploads\/2025\/01\/b858fe50-28bb-4c84-9524-97b8749710bd-1024x768.jpg\" alt=\"\" class=\"wp-image-8817\" srcset=\"https:\/\/www.aersp.pt\/portal\/wp-content\/uploads\/2025\/01\/b858fe50-28bb-4c84-9524-97b8749710bd-1024x768.jpg 1024w, https:\/\/www.aersp.pt\/portal\/wp-content\/uploads\/2025\/01\/b858fe50-28bb-4c84-9524-97b8749710bd-300x225.jpg 300w, https:\/\/www.aersp.pt\/portal\/wp-content\/uploads\/2025\/01\/b858fe50-28bb-4c84-9524-97b8749710bd-768x576.jpg 768w, https:\/\/www.aersp.pt\/portal\/wp-content\/uploads\/2025\/01\/b858fe50-28bb-4c84-9524-97b8749710bd-1536x1152.jpg 1536w, https:\/\/www.aersp.pt\/portal\/wp-content\/uploads\/2025\/01\/b858fe50-28bb-4c84-9524-97b8749710bd-320x240.jpg 320w, https:\/\/www.aersp.pt\/portal\/wp-content\/uploads\/2025\/01\/b858fe50-28bb-4c84-9524-97b8749710bd-480x360.jpg 480w, https:\/\/www.aersp.pt\/portal\/wp-content\/uploads\/2025\/01\/b858fe50-28bb-4c84-9524-97b8749710bd-800x600.jpg 800w, https:\/\/www.aersp.pt\/portal\/wp-content\/uploads\/2025\/01\/b858fe50-28bb-4c84-9524-97b8749710bd.jpg 2048w\" sizes=\"(max-width: 1024px) 100vw, 1024px\" \/><\/figure>\n\n\n\n<figure class=\"wp-block-image size-large\"><img loading=\"lazy\" decoding=\"async\" width=\"1024\" height=\"768\" data-id=\"8818\" src=\"https:\/\/www.aersp.pt\/portal\/wp-content\/uploads\/2025\/01\/60adec40-2329-48eb-8ed0-2ffef1b2afc3-1024x768.jpg\" alt=\"\" class=\"wp-image-8818\" srcset=\"https:\/\/www.aersp.pt\/portal\/wp-content\/uploads\/2025\/01\/60adec40-2329-48eb-8ed0-2ffef1b2afc3-1024x768.jpg 1024w, https:\/\/www.aersp.pt\/portal\/wp-content\/uploads\/2025\/01\/60adec40-2329-48eb-8ed0-2ffef1b2afc3-300x225.jpg 300w, https:\/\/www.aersp.pt\/portal\/wp-content\/uploads\/2025\/01\/60adec40-2329-48eb-8ed0-2ffef1b2afc3-768x576.jpg 768w, https:\/\/www.aersp.pt\/portal\/wp-content\/uploads\/2025\/01\/60adec40-2329-48eb-8ed0-2ffef1b2afc3-1536x1152.jpg 1536w, https:\/\/www.aersp.pt\/portal\/wp-content\/uploads\/2025\/01\/60adec40-2329-48eb-8ed0-2ffef1b2afc3-320x240.jpg 320w, https:\/\/www.aersp.pt\/portal\/wp-content\/uploads\/2025\/01\/60adec40-2329-48eb-8ed0-2ffef1b2afc3-480x360.jpg 480w, https:\/\/www.aersp.pt\/portal\/wp-content\/uploads\/2025\/01\/60adec40-2329-48eb-8ed0-2ffef1b2afc3-800x600.jpg 800w, https:\/\/www.aersp.pt\/portal\/wp-content\/uploads\/2025\/01\/60adec40-2329-48eb-8ed0-2ffef1b2afc3.jpg 2048w\" sizes=\"(max-width: 1024px) 100vw, 1024px\" \/><\/figure>\n<\/figure>\n","protected":false},"excerpt":{"rendered":"<p>Hoje \u00e9 assinalado o Dia Internacional em Mem\u00f3ria das V\u00edtimas do Holocausto e os 80 anos da liberta\u00e7\u00e3o do campo de concentra\u00e7\u00e3o e exterm\u00ednio de&hellip;<\/p>\n","protected":false},"author":1,"featured_media":8817,"comment_status":"closed","ping_status":"closed","sticky":false,"template":"","format":"standard","meta":{"_uag_custom_page_level_css":"","_themeisle_gutenberg_block_has_review":false,"footnotes":""},"categories":[1],"tags":[],"class_list":["post-8813","post","type-post","status-publish","format-standard","has-post-thumbnail","hentry","category-geral"],"uagb_featured_image_src":{"full":["https:\/\/www.aersp.pt\/portal\/wp-content\/uploads\/2025\/01\/b858fe50-28bb-4c84-9524-97b8749710bd.jpg",2048,1536,false],"thumbnail":["https:\/\/www.aersp.pt\/portal\/wp-content\/uploads\/2025\/01\/b858fe50-28bb-4c84-9524-97b8749710bd-150x150.jpg",150,150,true],"medium":["https:\/\/www.aersp.pt\/portal\/wp-content\/uploads\/2025\/01\/b858fe50-28bb-4c84-9524-97b8749710bd-300x225.jpg",300,225,true],"medium_large":["https:\/\/www.aersp.pt\/portal\/wp-content\/uploads\/2025\/01\/b858fe50-28bb-4c84-9524-97b8749710bd-768x576.jpg",768,576,true],"large":["https:\/\/www.aersp.pt\/portal\/wp-content\/uploads\/2025\/01\/b858fe50-28bb-4c84-9524-97b8749710bd-1024x768.jpg",843,632,true],"1536x1536":["https:\/\/www.aersp.pt\/portal\/wp-content\/uploads\/2025\/01\/b858fe50-28bb-4c84-9524-97b8749710bd-1536x1152.jpg",1536,1152,true],"2048x2048":["https:\/\/www.aersp.pt\/portal\/wp-content\/uploads\/2025\/01\/b858fe50-28bb-4c84-9524-97b8749710bd.jpg",2048,1536,false],"320w":["https:\/\/www.aersp.pt\/portal\/wp-content\/uploads\/2025\/01\/b858fe50-28bb-4c84-9524-97b8749710bd-320x240.jpg",320,240,true],"480w":["https:\/\/www.aersp.pt\/portal\/wp-content\/uploads\/2025\/01\/b858fe50-28bb-4c84-9524-97b8749710bd-480x360.jpg",480,360,true],"800w":["https:\/\/www.aersp.pt\/portal\/wp-content\/uploads\/2025\/01\/b858fe50-28bb-4c84-9524-97b8749710bd-800x600.jpg",800,600,true]},"uagb_author_info":{"display_name":"admin","author_link":"https:\/\/www.aersp.pt\/portal\/author\/admin\/"},"uagb_comment_info":0,"uagb_excerpt":"Hoje \u00e9 assinalado o Dia Internacional em Mem\u00f3ria das V\u00edtimas do Holocausto e os 80 anos da liberta\u00e7\u00e3o do campo de concentra\u00e7\u00e3o e exterm\u00ednio de&hellip;","_links":{"self":[{"href":"https:\/\/www.aersp.pt\/portal\/wp-json\/wp\/v2\/posts\/8813","targetHints":{"allow":["GET"]}}],"collection":[{"href":"https:\/\/www.aersp.pt\/portal\/wp-json\/wp\/v2\/posts"}],"about":[{"href":"https:\/\/www.aersp.pt\/portal\/wp-json\/wp\/v2\/types\/post"}],"author":[{"embeddable":true,"href":"https:\/\/www.aersp.pt\/portal\/wp-json\/wp\/v2\/users\/1"}],"replies":[{"embeddable":true,"href":"https:\/\/www.aersp.pt\/portal\/wp-json\/wp\/v2\/comments?post=8813"}],"version-history":[{"count":1,"href":"https:\/\/www.aersp.pt\/portal\/wp-json\/wp\/v2\/posts\/8813\/revisions"}],"predecessor-version":[{"id":8819,"href":"https:\/\/www.aersp.pt\/portal\/wp-json\/wp\/v2\/posts\/8813\/revisions\/8819"}],"wp:featuredmedia":[{"embeddable":true,"href":"https:\/\/www.aersp.pt\/portal\/wp-json\/wp\/v2\/media\/8817"}],"wp:attachment":[{"href":"https:\/\/www.aersp.pt\/portal\/wp-json\/wp\/v2\/media?parent=8813"}],"wp:term":[{"taxonomy":"category","embeddable":true,"href":"https:\/\/www.aersp.pt\/portal\/wp-json\/wp\/v2\/categories?post=8813"},{"taxonomy":"post_tag","embeddable":true,"href":"https:\/\/www.aersp.pt\/portal\/wp-json\/wp\/v2\/tags?post=8813"}],"curies":[{"name":"wp","href":"https:\/\/api.w.org\/{rel}","templated":true}]}}