{"id":176,"date":"2017-12-15T12:13:36","date_gmt":"2017-12-15T12:13:36","guid":{"rendered":"http:\/\/www.aersp.pt\/portal\/?p=176"},"modified":"2026-01-07T15:40:49","modified_gmt":"2026-01-07T15:40:49","slug":"e2d","status":"publish","type":"post","link":"https:\/\/www.aersp.pt\/portal\/2017\/12\/15\/e2d\/","title":{"rendered":"PADDE &#8211; Plano de A\u00e7\u00e3o de Desenvolvimento Digital da Escola"},"content":{"rendered":"\n<h1 class=\"wp-block-heading\"><strong>E2D<\/strong><\/h1>\n\n\n\n<p><strong>Numa primeira fase<\/strong>, o projeto inclui a an\u00e1lise dos resultados obtidos atrav\u00e9s do da ferramenta de diagn\u00f3stico, autorreflex\u00e3o e autoconhecimento SELFIE &#8211; ferramenta da Comiss\u00e3o Europeia dispon\u00edvel em portugu\u00eas, devidamente testada, validada e implementada em diversos pa\u00edses &#8211; concebida para apoiar as escolas no processo de aprendizagem na era digital e que permite identificar os pontos fortes, as \u00e1reas que requerem melhoria e as prioridades de cada organiza\u00e7\u00e3o educativa no \u00e2mbito do digital.<\/p>\n\n\n\n<p><strong>Numa segunda fase<\/strong>&nbsp;pretende-se apoiar as escolas na conce\u00e7\u00e3o e implementa\u00e7\u00e3o do seu Plano de A\u00e7\u00e3o para o Digital, atrav\u00e9s da disponibiliza\u00e7\u00e3o de recursos humanos, recursos de forma\u00e7\u00e3o, monitoriza\u00e7\u00e3o do processo de desenvolvimento e respetiva avalia\u00e7\u00e3o.<\/p>\n","protected":false},"excerpt":{"rendered":"<p>E2D Numa primeira fase, o projeto inclui a an\u00e1lise dos resultados obtidos atrav\u00e9s do da ferramenta de diagn\u00f3stico, autorreflex\u00e3o e autoconhecimento SELFIE &#8211; ferramenta da&hellip;<\/p>\n","protected":false},"author":1,"featured_media":0,"comment_status":"closed","ping_status":"open","sticky":false,"template":"","format":"standard","meta":{"_uag_custom_page_level_css":"","_themeisle_gutenberg_block_has_review":false,"footnotes":""},"categories":[1],"tags":[],"class_list":["post-176","post","type-post","status-publish","format-standard","hentry","category-geral"],"uagb_featured_image_src":{"full":false,"thumbnail":false,"medium":false,"medium_large":false,"large":false,"1536x1536":false,"2048x2048":false,"320w":false,"480w":false,"800w":false},"uagb_author_info":{"display_name":"admin","author_link":"https:\/\/www.aersp.pt\/portal\/author\/admin\/"},"uagb_comment_info":0,"uagb_excerpt":"E2D Numa primeira fase, o projeto inclui a an\u00e1lise dos resultados obtidos atrav\u00e9s do da ferramenta de diagn\u00f3stico, autorreflex\u00e3o e autoconhecimento SELFIE &#8211; ferramenta da&hellip;","_links":{"self":[{"href":"https:\/\/www.aersp.pt\/portal\/wp-json\/wp\/v2\/posts\/176","targetHints":{"allow":["GET"]}}],"collection":[{"href":"https:\/\/www.aersp.pt\/portal\/wp-json\/wp\/v2\/posts"}],"about":[{"href":"https:\/\/www.aersp.pt\/portal\/wp-json\/wp\/v2\/types\/post"}],"author":[{"embeddable":true,"href":"https:\/\/www.aersp.pt\/portal\/wp-json\/wp\/v2\/users\/1"}],"replies":[{"embeddable":true,"href":"https:\/\/www.aersp.pt\/portal\/wp-json\/wp\/v2\/comments?post=176"}],"version-history":[{"count":10,"href":"https:\/\/www.aersp.pt\/portal\/wp-json\/wp\/v2\/posts\/176\/revisions"}],"predecessor-version":[{"id":9693,"href":"https:\/\/www.aersp.pt\/portal\/wp-json\/wp\/v2\/posts\/176\/revisions\/9693"}],"wp:attachment":[{"href":"https:\/\/www.aersp.pt\/portal\/wp-json\/wp\/v2\/media?parent=176"}],"wp:term":[{"taxonomy":"category","embeddable":true,"href":"https:\/\/www.aersp.pt\/portal\/wp-json\/wp\/v2\/categories?post=176"},{"taxonomy":"post_tag","embeddable":true,"href":"https:\/\/www.aersp.pt\/portal\/wp-json\/wp\/v2\/tags?post=176"}],"curies":[{"name":"wp","href":"https:\/\/api.w.org\/{rel}","templated":true}]}}