{"id":172,"date":"2017-12-15T12:13:35","date_gmt":"2017-12-15T12:13:35","guid":{"rendered":"http:\/\/www.aersp.pt\/portal\/?p=172"},"modified":"2020-04-27T11:40:54","modified_gmt":"2020-04-27T11:40:54","slug":"projetos","status":"publish","type":"post","link":"https:\/\/www.aersp.pt\/portal\/2017\/12\/15\/projetos\/","title":{"rendered":"Projetos"},"content":{"rendered":"<p><strong data-rich-text-format-boundary=\"true\">Parlamento Europeu com informa\u00e7\u00e3o variada sobre o Covid-19:<\/strong><\/p>\n<p><a href=\"https:\/\/www.europarl.europa.eu\/news\/pt\/headlines\/priorities\/a-resposta-da-ue-ao-coronavirus\">https:\/\/www.europarl.europa.eu\/news\/pt\/headlines\/priorities\/a-resposta-da-ue-ao-coronavirus<\/a><\/p>\n<h1><strong>ERASMUS +<\/strong><\/h1>\n<p>&nbsp;<\/p>\n<p>O Erasmus+ \u00e9 o programa da Uni\u00e3o Europeia (UE) nos dom\u00ednios da educa\u00e7\u00e3o, forma\u00e7\u00e3o, juventude e desporto para o per\u00edodo de 2014-2020. Estes setores podem dar uma contribui\u00e7\u00e3o importante para ajudar a enfrentar as mudan\u00e7as socioecon\u00f3micas e os principais desafios que a Europa ter\u00e1 de enfrentar at\u00e9 ao final da d\u00e9cada, assim como apoiar a execu\u00e7\u00e3o da estrat\u00e9gia Europa 2020 para o crescimento, o emprego, a justi\u00e7a social e a inclus\u00e3o.<\/p>\n<p><strong>PARA MAIS INFORMA\u00c7\u00d5ES SOBRE ERASMUS +&nbsp; &nbsp;( 2019)&nbsp;<a href=\"https:\/\/www.aersp.pt\/portal\/wp-content\/uploads\/2017\/12\/Erasmus-.pdf\">CLIQUE AQUI<\/a><\/strong><\/p>\n<p>&nbsp;<\/p>\n<p>&nbsp;<\/p>\n<p>&nbsp;<\/p>\n<p>&nbsp;<\/p>\n<p><span style=\"color: #000000;\"><strong>A C\u00e2mara Municipal de Penamacor<\/strong>, em parceria com a Associa\u00e7\u00e3o de Jovens Empreendedores de Portugal (<strong>Junior Achievement Portugal<\/strong>) e<strong> com a colabora\u00e7\u00e3o do Agrupamento de Escolas Ribeiro Sanches<\/strong>, voltar\u00e1 a realizar este ano o projeto de Educa\u00e7\u00e3o para a Cidadania e Empreendedorismo, dirigido aos alunos do 1\u00ba, 2\u00ba e 3\u00ba ciclos e secund\u00e1rio do agrupamento.<\/span><br \/>\n<span style=\"color: #000000;\">Ser\u00e3o realizadas um conjunto de atividades formativas com o objetivo de ajudar os alunos do nosso concelho a melhorar o seu desempenho escolar, a desenvolver a sua forma\u00e7\u00e3o c\u00edvica e empreendedora, a perceberem a rela\u00e7\u00e3o que a escola tem com mundo do trabalho, desenvolvendo assim a import\u00e2ncia da escola para o dia-a-dia das suas vidas.<\/span><br \/>\n<span style=\"color: #000000;\">Estas sess\u00f5es ser\u00e3o dinamizadas por colaboradores que representam entidades do concelho que, em regime de voluntariado, v\u00e3o disponibilizar o seu tempo, experi\u00eancia e conhecimento, contribuindo para a forma\u00e7\u00e3o c\u00edvica das nossas crian\u00e7as e jovens. &nbsp;<\/span><br \/>\n<span style=\"color: #000000;\">As sess\u00f5es ocorrer\u00e3o durante o ano letivo de 2017\/2018 na componente letiva de Educa\u00e7\u00e3o para a Cidadania.<\/span><\/p>\n","protected":false},"excerpt":{"rendered":"<p>Parlamento Europeu com informa\u00e7\u00e3o variada sobre o Covid-19: https:\/\/www.europarl.europa.eu\/news\/pt\/headlines\/priorities\/a-resposta-da-ue-ao-coronavirus ERASMUS + &nbsp; O Erasmus+ \u00e9 o programa da Uni\u00e3o Europeia (UE) nos dom\u00ednios da educa\u00e7\u00e3o,&hellip;<\/p>\n","protected":false},"author":1,"featured_media":0,"comment_status":"closed","ping_status":"open","sticky":false,"template":"","format":"standard","meta":{"_uag_custom_page_level_css":"","_themeisle_gutenberg_block_has_review":false,"footnotes":""},"categories":[1],"tags":[],"class_list":["post-172","post","type-post","status-publish","format-standard","hentry","category-geral"],"uagb_featured_image_src":{"full":false,"thumbnail":false,"medium":false,"medium_large":false,"large":false,"1536x1536":false,"2048x2048":false,"320w":false,"480w":false,"800w":false},"uagb_author_info":{"display_name":"admin","author_link":"https:\/\/www.aersp.pt\/portal\/author\/admin\/"},"uagb_comment_info":0,"uagb_excerpt":"Parlamento Europeu com informa\u00e7\u00e3o variada sobre o Covid-19: https:\/\/www.europarl.europa.eu\/news\/pt\/headlines\/priorities\/a-resposta-da-ue-ao-coronavirus ERASMUS + &nbsp; O Erasmus+ \u00e9 o programa da Uni\u00e3o Europeia (UE) nos dom\u00ednios da educa\u00e7\u00e3o,&hellip;","_links":{"self":[{"href":"https:\/\/www.aersp.pt\/portal\/wp-json\/wp\/v2\/posts\/172","targetHints":{"allow":["GET"]}}],"collection":[{"href":"https:\/\/www.aersp.pt\/portal\/wp-json\/wp\/v2\/posts"}],"about":[{"href":"https:\/\/www.aersp.pt\/portal\/wp-json\/wp\/v2\/types\/post"}],"author":[{"embeddable":true,"href":"https:\/\/www.aersp.pt\/portal\/wp-json\/wp\/v2\/users\/1"}],"replies":[{"embeddable":true,"href":"https:\/\/www.aersp.pt\/portal\/wp-json\/wp\/v2\/comments?post=172"}],"version-history":[{"count":5,"href":"https:\/\/www.aersp.pt\/portal\/wp-json\/wp\/v2\/posts\/172\/revisions"}],"predecessor-version":[{"id":2197,"href":"https:\/\/www.aersp.pt\/portal\/wp-json\/wp\/v2\/posts\/172\/revisions\/2197"}],"wp:attachment":[{"href":"https:\/\/www.aersp.pt\/portal\/wp-json\/wp\/v2\/media?parent=172"}],"wp:term":[{"taxonomy":"category","embeddable":true,"href":"https:\/\/www.aersp.pt\/portal\/wp-json\/wp\/v2\/categories?post=172"},{"taxonomy":"post_tag","embeddable":true,"href":"https:\/\/www.aersp.pt\/portal\/wp-json\/wp\/v2\/tags?post=172"}],"curies":[{"name":"wp","href":"https:\/\/api.w.org\/{rel}","templated":true}]}}