{"id":10254,"date":"2026-04-27T15:40:29","date_gmt":"2026-04-27T15:40:29","guid":{"rendered":"https:\/\/www.aersp.pt\/portal\/?p=10254"},"modified":"2026-04-27T15:51:33","modified_gmt":"2026-04-27T15:51:33","slug":"exposicao-com-a-liberdade-no-peito","status":"publish","type":"post","link":"https:\/\/www.aersp.pt\/portal\/2026\/04\/27\/exposicao-com-a-liberdade-no-peito\/","title":{"rendered":"Exposi\u00e7\u00e3o\u00a0Com a Liberdade no Peito"},"content":{"rendered":"\n<p class=\"has-text-align-center\">CONVITE<\/p>\n\n\n\n<p>Vimos por este meio informar que,&nbsp;<strong>at\u00e9 ao dia 10 de maio<\/strong>, estar\u00e1 patente no&nbsp;<strong>Museu Municipal de Penamacor<\/strong>, a exposi\u00e7\u00e3o intitulada Com a Liberdade no Peito. Esta re\u00fane trabalhos criativos realizados pelos nossos alunos e alunas &#8211; como cravos, cartazes e autocolantes &#8211; destacando a sua capacidade de express\u00e3o art\u00edstica e reflex\u00e3o sobre o tema da liberdade. Os trabalhos elaborados pelos estudantes n\u00e3o s\u00f3 ilustram diferentes perspetivas sobre este valor fundamental, como tamb\u00e9m ser\u00e3o utilizados para enriquecer a recria\u00e7\u00e3o da manifesta\u00e7\u00e3o de 1974, a realizar-se no dia 6 de maio, tornando-se elementos vis\u00edveis e simb\u00f3licos deste evento. Assim, os trabalhos apresentados n\u00e3o se limitam ao espa\u00e7o expositivo, mas ganham uma dimens\u00e3o p\u00fablica ao integrarem uma iniciativa que pretende dar voz \u00e0 comunidade escolar e celebrar a liberdade de forma coletiva. Por conseguinte, convidamo-lo\/a a visitar a exposi\u00e7\u00e3o e a apreciar o empenho e a criatividade dos nossos alunos e alunas.<\/p>\n\n\n<div class=\"wp-block-image\">\n<figure class=\"aligncenter size-large\"><img fetchpriority=\"high\" decoding=\"async\" width=\"819\" height=\"1024\" src=\"https:\/\/www.aersp.pt\/portal\/wp-content\/uploads\/2026\/04\/liberdade_peito-819x1024.jpg\" alt=\"\" class=\"wp-image-10255\" srcset=\"https:\/\/www.aersp.pt\/portal\/wp-content\/uploads\/2026\/04\/liberdade_peito-819x1024.jpg 819w, https:\/\/www.aersp.pt\/portal\/wp-content\/uploads\/2026\/04\/liberdade_peito-240x300.jpg 240w, https:\/\/www.aersp.pt\/portal\/wp-content\/uploads\/2026\/04\/liberdade_peito-768x960.jpg 768w, https:\/\/www.aersp.pt\/portal\/wp-content\/uploads\/2026\/04\/liberdade_peito-1229x1536.jpg 1229w, https:\/\/www.aersp.pt\/portal\/wp-content\/uploads\/2026\/04\/liberdade_peito-320x400.jpg 320w, https:\/\/www.aersp.pt\/portal\/wp-content\/uploads\/2026\/04\/liberdade_peito-480x600.jpg 480w, https:\/\/www.aersp.pt\/portal\/wp-content\/uploads\/2026\/04\/liberdade_peito-800x1000.jpg 800w, https:\/\/www.aersp.pt\/portal\/wp-content\/uploads\/2026\/04\/liberdade_peito.jpg 1500w\" sizes=\"(max-width: 819px) 100vw, 819px\" \/><\/figure><\/div>","protected":false},"excerpt":{"rendered":"<p>CONVITE Vimos por este meio informar que,&nbsp;at\u00e9 ao dia 10 de maio, estar\u00e1 patente no&nbsp;Museu Municipal de Penamacor, a exposi\u00e7\u00e3o intitulada Com a Liberdade no&hellip;<\/p>\n","protected":false},"author":1,"featured_media":10255,"comment_status":"closed","ping_status":"closed","sticky":false,"template":"","format":"standard","meta":{"_uag_custom_page_level_css":"","_themeisle_gutenberg_block_has_review":false,"footnotes":""},"categories":[1],"tags":[],"class_list":["post-10254","post","type-post","status-publish","format-standard","has-post-thumbnail","hentry","category-geral"],"uagb_featured_image_src":{"full":["https:\/\/www.aersp.pt\/portal\/wp-content\/uploads\/2026\/04\/liberdade_peito.jpg",1500,1875,false],"thumbnail":["https:\/\/www.aersp.pt\/portal\/wp-content\/uploads\/2026\/04\/liberdade_peito-150x150.jpg",150,150,true],"medium":["https:\/\/www.aersp.pt\/portal\/wp-content\/uploads\/2026\/04\/liberdade_peito-240x300.jpg",240,300,true],"medium_large":["https:\/\/www.aersp.pt\/portal\/wp-content\/uploads\/2026\/04\/liberdade_peito-768x960.jpg",768,960,true],"large":["https:\/\/www.aersp.pt\/portal\/wp-content\/uploads\/2026\/04\/liberdade_peito-819x1024.jpg",819,1024,true],"1536x1536":["https:\/\/www.aersp.pt\/portal\/wp-content\/uploads\/2026\/04\/liberdade_peito-1229x1536.jpg",1229,1536,true],"2048x2048":["https:\/\/www.aersp.pt\/portal\/wp-content\/uploads\/2026\/04\/liberdade_peito.jpg",1500,1875,false],"320w":["https:\/\/www.aersp.pt\/portal\/wp-content\/uploads\/2026\/04\/liberdade_peito-320x400.jpg",320,400,true],"480w":["https:\/\/www.aersp.pt\/portal\/wp-content\/uploads\/2026\/04\/liberdade_peito-480x600.jpg",480,600,true],"800w":["https:\/\/www.aersp.pt\/portal\/wp-content\/uploads\/2026\/04\/liberdade_peito-800x1000.jpg",800,1000,true]},"uagb_author_info":{"display_name":"admin","author_link":"https:\/\/www.aersp.pt\/portal\/author\/admin\/"},"uagb_comment_info":0,"uagb_excerpt":"CONVITE Vimos por este meio informar que,&nbsp;at\u00e9 ao dia 10 de maio, estar\u00e1 patente no&nbsp;Museu Municipal de Penamacor, a exposi\u00e7\u00e3o intitulada Com a Liberdade no&hellip;","_links":{"self":[{"href":"https:\/\/www.aersp.pt\/portal\/wp-json\/wp\/v2\/posts\/10254","targetHints":{"allow":["GET"]}}],"collection":[{"href":"https:\/\/www.aersp.pt\/portal\/wp-json\/wp\/v2\/posts"}],"about":[{"href":"https:\/\/www.aersp.pt\/portal\/wp-json\/wp\/v2\/types\/post"}],"author":[{"embeddable":true,"href":"https:\/\/www.aersp.pt\/portal\/wp-json\/wp\/v2\/users\/1"}],"replies":[{"embeddable":true,"href":"https:\/\/www.aersp.pt\/portal\/wp-json\/wp\/v2\/comments?post=10254"}],"version-history":[{"count":2,"href":"https:\/\/www.aersp.pt\/portal\/wp-json\/wp\/v2\/posts\/10254\/revisions"}],"predecessor-version":[{"id":10257,"href":"https:\/\/www.aersp.pt\/portal\/wp-json\/wp\/v2\/posts\/10254\/revisions\/10257"}],"wp:featuredmedia":[{"embeddable":true,"href":"https:\/\/www.aersp.pt\/portal\/wp-json\/wp\/v2\/media\/10255"}],"wp:attachment":[{"href":"https:\/\/www.aersp.pt\/portal\/wp-json\/wp\/v2\/media?parent=10254"}],"wp:term":[{"taxonomy":"category","embeddable":true,"href":"https:\/\/www.aersp.pt\/portal\/wp-json\/wp\/v2\/categories?post=10254"},{"taxonomy":"post_tag","embeddable":true,"href":"https:\/\/www.aersp.pt\/portal\/wp-json\/wp\/v2\/tags?post=10254"}],"curies":[{"name":"wp","href":"https:\/\/api.w.org\/{rel}","templated":true}]}}