{"id":10249,"date":"2026-04-27T14:08:27","date_gmt":"2026-04-27T14:08:27","guid":{"rendered":"https:\/\/www.aersp.pt\/portal\/?p=10249"},"modified":"2026-04-27T14:08:30","modified_gmt":"2026-04-27T14:08:30","slug":"alunos-do-agrupamento-de-escolas-ribeiro-sanches-participaram-no-regional-de-atletismo","status":"publish","type":"post","link":"https:\/\/www.aersp.pt\/portal\/2026\/04\/27\/alunos-do-agrupamento-de-escolas-ribeiro-sanches-participaram-no-regional-de-atletismo\/","title":{"rendered":"Alunos do Agrupamento de Escolas Ribeiro Sanches participaram no Regional de Atletismo"},"content":{"rendered":"\n<p>No dia&nbsp;<strong>24 de abril<\/strong>, os alunos do&nbsp;<strong>Agrupamento de Escolas Ribeiro Sanches<\/strong>&nbsp;participaram no&nbsp;<strong>Regional de Atletismo<\/strong>, realizado no&nbsp;<strong>Est\u00e1dio Municipal de Vagos<\/strong>.<\/p>\n\n\n\n<p>Foi uma participa\u00e7\u00e3o marcada pelo empenho, esp\u00edrito desportivo e dedica\u00e7\u00e3o dos nossos alunos, que representaram dignamente o Agrupamento nesta competi\u00e7\u00e3o.<\/p>\n\n\n\n<p>O Agrupamento felicita todos os participantes pelo seu desempenho e deixa um especial reconhecimento ao aluno&nbsp;<strong>Filipe Costa<\/strong>, que alcan\u00e7ou o&nbsp;<strong>3.\u00ba lugar na prova de 1500 metros<\/strong>, no escal\u00e3o de&nbsp;<strong>juvenis<\/strong>.<\/p>\n\n\n\n<p>Parab\u00e9ns a todos!<\/p>\n\n\n\n<figure class=\"wp-block-gallery has-nested-images columns-2 is-cropped wp-block-gallery-1 is-layout-flex wp-block-gallery-is-layout-flex\">\n<figure class=\"wp-block-image size-large\"><a href=\"https:\/\/www.aersp.pt\/portal\/wp-content\/uploads\/2026\/04\/unnamed-2-scaled.jpg\"><img fetchpriority=\"high\" decoding=\"async\" width=\"1024\" height=\"576\" data-id=\"10250\" src=\"https:\/\/www.aersp.pt\/portal\/wp-content\/uploads\/2026\/04\/unnamed-2-1024x576.jpg\" alt=\"\" class=\"wp-image-10250\" srcset=\"https:\/\/www.aersp.pt\/portal\/wp-content\/uploads\/2026\/04\/unnamed-2-1024x576.jpg 1024w, https:\/\/www.aersp.pt\/portal\/wp-content\/uploads\/2026\/04\/unnamed-2-300x169.jpg 300w, https:\/\/www.aersp.pt\/portal\/wp-content\/uploads\/2026\/04\/unnamed-2-768x432.jpg 768w, https:\/\/www.aersp.pt\/portal\/wp-content\/uploads\/2026\/04\/unnamed-2-1536x864.jpg 1536w, https:\/\/www.aersp.pt\/portal\/wp-content\/uploads\/2026\/04\/unnamed-2-2048x1153.jpg 2048w, https:\/\/www.aersp.pt\/portal\/wp-content\/uploads\/2026\/04\/unnamed-2-320x180.jpg 320w, https:\/\/www.aersp.pt\/portal\/wp-content\/uploads\/2026\/04\/unnamed-2-480x270.jpg 480w, https:\/\/www.aersp.pt\/portal\/wp-content\/uploads\/2026\/04\/unnamed-2-800x450.jpg 800w\" sizes=\"(max-width: 1024px) 100vw, 1024px\" \/><\/a><\/figure>\n\n\n\n<figure class=\"wp-block-image size-large\"><a href=\"https:\/\/www.aersp.pt\/portal\/wp-content\/uploads\/2026\/04\/unnamed-1-scaled.jpg\"><img decoding=\"async\" width=\"1024\" height=\"576\" data-id=\"10252\" src=\"https:\/\/www.aersp.pt\/portal\/wp-content\/uploads\/2026\/04\/unnamed-1-1024x576.jpg\" alt=\"\" class=\"wp-image-10252\" srcset=\"https:\/\/www.aersp.pt\/portal\/wp-content\/uploads\/2026\/04\/unnamed-1-1024x576.jpg 1024w, https:\/\/www.aersp.pt\/portal\/wp-content\/uploads\/2026\/04\/unnamed-1-300x169.jpg 300w, https:\/\/www.aersp.pt\/portal\/wp-content\/uploads\/2026\/04\/unnamed-1-768x432.jpg 768w, https:\/\/www.aersp.pt\/portal\/wp-content\/uploads\/2026\/04\/unnamed-1-1536x864.jpg 1536w, https:\/\/www.aersp.pt\/portal\/wp-content\/uploads\/2026\/04\/unnamed-1-2048x1152.jpg 2048w, https:\/\/www.aersp.pt\/portal\/wp-content\/uploads\/2026\/04\/unnamed-1-320x180.jpg 320w, https:\/\/www.aersp.pt\/portal\/wp-content\/uploads\/2026\/04\/unnamed-1-480x270.jpg 480w, https:\/\/www.aersp.pt\/portal\/wp-content\/uploads\/2026\/04\/unnamed-1-800x450.jpg 800w\" sizes=\"(max-width: 1024px) 100vw, 1024px\" \/><\/a><\/figure>\n\n\n\n<figure class=\"wp-block-image size-large\"><a href=\"https:\/\/www.aersp.pt\/portal\/wp-content\/uploads\/2026\/04\/unnamed-scaled.jpg\"><img decoding=\"async\" width=\"768\" height=\"1024\" data-id=\"10251\" src=\"https:\/\/www.aersp.pt\/portal\/wp-content\/uploads\/2026\/04\/unnamed-768x1024.jpg\" alt=\"\" class=\"wp-image-10251\" srcset=\"https:\/\/www.aersp.pt\/portal\/wp-content\/uploads\/2026\/04\/unnamed-768x1024.jpg 768w, https:\/\/www.aersp.pt\/portal\/wp-content\/uploads\/2026\/04\/unnamed-225x300.jpg 225w, https:\/\/www.aersp.pt\/portal\/wp-content\/uploads\/2026\/04\/unnamed-1152x1536.jpg 1152w, https:\/\/www.aersp.pt\/portal\/wp-content\/uploads\/2026\/04\/unnamed-1536x2048.jpg 1536w, https:\/\/www.aersp.pt\/portal\/wp-content\/uploads\/2026\/04\/unnamed-320x427.jpg 320w, https:\/\/www.aersp.pt\/portal\/wp-content\/uploads\/2026\/04\/unnamed-480x640.jpg 480w, https:\/\/www.aersp.pt\/portal\/wp-content\/uploads\/2026\/04\/unnamed-800x1067.jpg 800w, https:\/\/www.aersp.pt\/portal\/wp-content\/uploads\/2026\/04\/unnamed-scaled.jpg 1920w\" sizes=\"(max-width: 768px) 100vw, 768px\" \/><\/a><\/figure>\n<\/figure>\n","protected":false},"excerpt":{"rendered":"<p>No dia&nbsp;24 de abril, os alunos do&nbsp;Agrupamento de Escolas Ribeiro Sanches&nbsp;participaram no&nbsp;Regional de Atletismo, realizado no&nbsp;Est\u00e1dio Municipal de Vagos. Foi uma participa\u00e7\u00e3o marcada pelo empenho,&hellip;<\/p>\n","protected":false},"author":1,"featured_media":10251,"comment_status":"closed","ping_status":"closed","sticky":false,"template":"","format":"standard","meta":{"_uag_custom_page_level_css":"","_themeisle_gutenberg_block_has_review":false,"footnotes":""},"categories":[1],"tags":[],"class_list":["post-10249","post","type-post","status-publish","format-standard","has-post-thumbnail","hentry","category-geral"],"uagb_featured_image_src":{"full":["https:\/\/www.aersp.pt\/portal\/wp-content\/uploads\/2026\/04\/unnamed-scaled.jpg",1920,2560,false],"thumbnail":["https:\/\/www.aersp.pt\/portal\/wp-content\/uploads\/2026\/04\/unnamed-150x150.jpg",150,150,true],"medium":["https:\/\/www.aersp.pt\/portal\/wp-content\/uploads\/2026\/04\/unnamed-225x300.jpg",225,300,true],"medium_large":["https:\/\/www.aersp.pt\/portal\/wp-content\/uploads\/2026\/04\/unnamed-768x1024.jpg",768,1024,true],"large":["https:\/\/www.aersp.pt\/portal\/wp-content\/uploads\/2026\/04\/unnamed-768x1024.jpg",768,1024,true],"1536x1536":["https:\/\/www.aersp.pt\/portal\/wp-content\/uploads\/2026\/04\/unnamed-1152x1536.jpg",1152,1536,true],"2048x2048":["https:\/\/www.aersp.pt\/portal\/wp-content\/uploads\/2026\/04\/unnamed-1536x2048.jpg",1536,2048,true],"320w":["https:\/\/www.aersp.pt\/portal\/wp-content\/uploads\/2026\/04\/unnamed-320x427.jpg",320,427,true],"480w":["https:\/\/www.aersp.pt\/portal\/wp-content\/uploads\/2026\/04\/unnamed-480x640.jpg",480,640,true],"800w":["https:\/\/www.aersp.pt\/portal\/wp-content\/uploads\/2026\/04\/unnamed-800x1067.jpg",800,1067,true]},"uagb_author_info":{"display_name":"admin","author_link":"https:\/\/www.aersp.pt\/portal\/author\/admin\/"},"uagb_comment_info":0,"uagb_excerpt":"No dia&nbsp;24 de abril, os alunos do&nbsp;Agrupamento de Escolas Ribeiro Sanches&nbsp;participaram no&nbsp;Regional de Atletismo, realizado no&nbsp;Est\u00e1dio Municipal de Vagos. Foi uma participa\u00e7\u00e3o marcada pelo empenho,&hellip;","_links":{"self":[{"href":"https:\/\/www.aersp.pt\/portal\/wp-json\/wp\/v2\/posts\/10249","targetHints":{"allow":["GET"]}}],"collection":[{"href":"https:\/\/www.aersp.pt\/portal\/wp-json\/wp\/v2\/posts"}],"about":[{"href":"https:\/\/www.aersp.pt\/portal\/wp-json\/wp\/v2\/types\/post"}],"author":[{"embeddable":true,"href":"https:\/\/www.aersp.pt\/portal\/wp-json\/wp\/v2\/users\/1"}],"replies":[{"embeddable":true,"href":"https:\/\/www.aersp.pt\/portal\/wp-json\/wp\/v2\/comments?post=10249"}],"version-history":[{"count":1,"href":"https:\/\/www.aersp.pt\/portal\/wp-json\/wp\/v2\/posts\/10249\/revisions"}],"predecessor-version":[{"id":10253,"href":"https:\/\/www.aersp.pt\/portal\/wp-json\/wp\/v2\/posts\/10249\/revisions\/10253"}],"wp:featuredmedia":[{"embeddable":true,"href":"https:\/\/www.aersp.pt\/portal\/wp-json\/wp\/v2\/media\/10251"}],"wp:attachment":[{"href":"https:\/\/www.aersp.pt\/portal\/wp-json\/wp\/v2\/media?parent=10249"}],"wp:term":[{"taxonomy":"category","embeddable":true,"href":"https:\/\/www.aersp.pt\/portal\/wp-json\/wp\/v2\/categories?post=10249"},{"taxonomy":"post_tag","embeddable":true,"href":"https:\/\/www.aersp.pt\/portal\/wp-json\/wp\/v2\/tags?post=10249"}],"curies":[{"name":"wp","href":"https:\/\/api.w.org\/{rel}","templated":true}]}}